{"id":9256,"date":"2015-06-10T11:44:01","date_gmt":"2015-06-10T09:44:01","guid":{"rendered":"http:\/\/www.area-arch.it\/citta-africane-in-movimento-2\/"},"modified":"2016-10-27T12:31:54","modified_gmt":"2016-10-27T10:31:54","slug":"citta-africane-in-movimento","status":"publish","type":"post","link":"https:\/\/www.area-arch.it\/en\/citta-africane-in-movimento\/","title":{"rendered":"African Cities in Motion"},"content":{"rendered":"<p class=\"p1\">On the occasion of the 56th International Art Exhibition of the Venice Biennale,<a href=\"http:\/\/www.architecture-studio.fr\/en\/\" target=\"_blank\"> AS.Architecture-Studio<\/a>invites Pascale Cassagnau \u2013 in charge of the audio visual, video and new media collections at the CNAP \u2013 and Fran\u00e7oise Docquiert \u2013 Deputy Director of the Arts and Sciences Department at Paris 1 Panth\u00e9on Sorbonne University \u2013 to exhibit African Cities in Motion.\u00a0At the CA\u2019ASI, the exhibition continues the discussions initiated by AS.Architecture-Studio on African cities, launched in 2014 with the \u201cYoung Architects in Africa\u201d competition.<br \/>\nThe Climat de France project by St\u00e9phane Couturier, presented by Fran\u00e7oise Docquiert, will open this exhibition. A series of photographs and videos filmed on location in Alger in the housing project designed by Fernand Pouillon, this body of work explores the life inherent in modernist collective housing.<br \/>\nA collection of videos supported by the Centre national des arts plastiques complements this exhibition. The films of Nicolas Boone, Safia Benha\u00efm, Fr\u00e9d\u00e9rique Lagny, Ange Leccia and David Yon, selected by Pascale Cassagnau, offer a poetic vision of urban Africa today and tomorrow. A bilingual catalog of the exhibition is available.<\/p>\n<p class=\"p1\">09.V.2015 \u2013 30.VIII.2015<br \/>\nVenice, <a href=\"http:\/\/www.ca-asi.com\/expo_fiche.php?fiche=9&amp;langue=en\" target=\"_blank\">CA\u2019ASI<\/a><\/p>\n","protected":false},"excerpt":{"rendered":"<p>On the occasion of the 56th International Art Exhibition of the Venice Biennale, AS.Architecture-Studioinvites Pascale Cassagnau \u2013 in charge of the audio visual, video and new media collections at the CNAP \u2013 and Fran\u00e7oise Docquiert \u2013 Deputy Director of the Arts and Sciences Department at Paris 1 Panth\u00e9on Sorbonne University \u2013 to exhibit African Cities<\/p>\n","protected":false},"author":291,"featured_media":9253,"comment_status":"open","ping_status":"open","sticky":false,"template":"","format":"standard","meta":{"footnotes":""},"categories":[4104],"tags":[],"class_list":["post-9256","post","type-post","status-publish","format-standard","has-post-thumbnail","hentry","category-events-exhibitions"],"yoast_head":"<!-- This site is optimized with the Yoast SEO plugin v27.5 - https:\/\/yoast.com\/product\/yoast-seo-wordpress\/ -->\n<title>African Cities in Motion | Area<\/title>\n<meta name=\"description\" content=\"On the occasion of the 56th International Art Exhibition of the Venice Biennale, AS.Architecture-Studioinvites Pascale Cassagnau \u2013 in charge of the audio\" \/>\n<meta name=\"robots\" content=\"index, follow, max-snippet:-1, max-image-preview:large, max-video-preview:-1\" \/>\n<link rel=\"canonical\" href=\"https:\/\/www.area-arch.it\/en\/citta-africane-in-movimento\/\" \/>\n<meta property=\"og:locale\" content=\"en_US\" \/>\n<meta property=\"og:type\" content=\"article\" \/>\n<meta property=\"og:title\" content=\"African Cities in Motion | Area\" \/>\n<meta property=\"og:description\" content=\"On the occasion of the 56th International Art Exhibition of the Venice Biennale, AS.Architecture-Studioinvites Pascale Cassagnau \u2013 in charge of the audio\" \/>\n<meta property=\"og:url\" content=\"https:\/\/www.area-arch.it\/en\/citta-africane-in-movimento\/\" \/>\n<meta property=\"og:site_name\" content=\"Area\" \/>\n<meta property=\"article:publisher\" content=\"https:\/\/www.facebook.com\/Area.Arch\" \/>\n<meta property=\"article:published_time\" content=\"2015-06-10T09:44:01+00:00\" \/>\n<meta property=\"article:modified_time\" content=\"2016-10-27T10:31:54+00:00\" \/>\n<meta property=\"og:image\" content=\"https:\/\/static.tecnichenuove.it\/areaarch\/2015\/06\/CAASI.jpg\" \/>\n\t<meta property=\"og:image:width\" content=\"633\" \/>\n\t<meta property=\"og:image:height\" content=\"385\" \/>\n\t<meta property=\"og:image:type\" content=\"image\/jpeg\" \/>\n<meta name=\"author\" content=\"Elena Ronchi\" \/>\n<meta name=\"twitter:label1\" content=\"Written by\" \/>\n\t<meta name=\"twitter:data1\" content=\"Elena Ronchi\" \/>\n\t<meta name=\"twitter:label2\" content=\"Est. reading time\" \/>\n\t<meta name=\"twitter:data2\" content=\"1 minute\" \/>\n<script type=\"application\/ld+json\" class=\"yoast-schema-graph\">{\"@context\":\"https:\\\/\\\/schema.org\",\"@graph\":[{\"@type\":\"Article\",\"@id\":\"https:\\\/\\\/www.area-arch.it\\\/en\\\/citta-africane-in-movimento\\\/#article\",\"isPartOf\":{\"@id\":\"https:\\\/\\\/www.area-arch.it\\\/en\\\/citta-africane-in-movimento\\\/\"},\"author\":{\"name\":\"Elena Ronchi\",\"@id\":\"https:\\\/\\\/www.area-arch.it\\\/en\\\/#\\\/schema\\\/person\\\/c17684bebf1201ed3dc8e9cd5c67b73a\"},\"headline\":\"African Cities in Motion\",\"datePublished\":\"2015-06-10T09:44:01+00:00\",\"dateModified\":\"2016-10-27T10:31:54+00:00\",\"mainEntityOfPage\":{\"@id\":\"https:\\\/\\\/www.area-arch.it\\\/en\\\/citta-africane-in-movimento\\\/\"},\"wordCount\":192,\"commentCount\":0,\"image\":{\"@id\":\"https:\\\/\\\/www.area-arch.it\\\/en\\\/citta-africane-in-movimento\\\/#primaryimage\"},\"thumbnailUrl\":\"https:\\\/\\\/static.tecnichenuove.it\\\/areaarch\\\/2015\\\/06\\\/CAASI.jpg\",\"articleSection\":[\"Events &amp; Exhibitions\"],\"inLanguage\":\"en-US\",\"potentialAction\":[{\"@type\":\"CommentAction\",\"name\":\"Comment\",\"target\":[\"https:\\\/\\\/www.area-arch.it\\\/en\\\/citta-africane-in-movimento\\\/#respond\"]}]},{\"@type\":\"WebPage\",\"@id\":\"https:\\\/\\\/www.area-arch.it\\\/en\\\/citta-africane-in-movimento\\\/\",\"url\":\"https:\\\/\\\/www.area-arch.it\\\/en\\\/citta-africane-in-movimento\\\/\",\"name\":\"African Cities in Motion | Area\",\"isPartOf\":{\"@id\":\"https:\\\/\\\/www.area-arch.it\\\/en\\\/#website\"},\"primaryImageOfPage\":{\"@id\":\"https:\\\/\\\/www.area-arch.it\\\/en\\\/citta-africane-in-movimento\\\/#primaryimage\"},\"image\":{\"@id\":\"https:\\\/\\\/www.area-arch.it\\\/en\\\/citta-africane-in-movimento\\\/#primaryimage\"},\"thumbnailUrl\":\"https:\\\/\\\/static.tecnichenuove.it\\\/areaarch\\\/2015\\\/06\\\/CAASI.jpg\",\"datePublished\":\"2015-06-10T09:44:01+00:00\",\"dateModified\":\"2016-10-27T10:31:54+00:00\",\"author\":{\"@id\":\"https:\\\/\\\/www.area-arch.it\\\/en\\\/#\\\/schema\\\/person\\\/c17684bebf1201ed3dc8e9cd5c67b73a\"},\"description\":\"On the occasion of the 56th International Art Exhibition of the Venice Biennale, AS.Architecture-Studioinvites Pascale Cassagnau \u2013 in charge of the audio\",\"breadcrumb\":{\"@id\":\"https:\\\/\\\/www.area-arch.it\\\/en\\\/citta-africane-in-movimento\\\/#breadcrumb\"},\"inLanguage\":\"en-US\",\"potentialAction\":[{\"@type\":\"ReadAction\",\"target\":[\"https:\\\/\\\/www.area-arch.it\\\/en\\\/citta-africane-in-movimento\\\/\"]}]},{\"@type\":\"ImageObject\",\"inLanguage\":\"en-US\",\"@id\":\"https:\\\/\\\/www.area-arch.it\\\/en\\\/citta-africane-in-movimento\\\/#primaryimage\",\"url\":\"https:\\\/\\\/static.tecnichenuove.it\\\/areaarch\\\/2015\\\/06\\\/CAASI.jpg\",\"contentUrl\":\"https:\\\/\\\/static.tecnichenuove.it\\\/areaarch\\\/2015\\\/06\\\/CAASI.jpg\",\"width\":633,\"height\":385},{\"@type\":\"BreadcrumbList\",\"@id\":\"https:\\\/\\\/www.area-arch.it\\\/en\\\/citta-africane-in-movimento\\\/#breadcrumb\",\"itemListElement\":[{\"@type\":\"ListItem\",\"position\":1,\"name\":\"Home\",\"item\":\"https:\\\/\\\/www.area-arch.it\\\/en\\\/homepage-24\\\/\"},{\"@type\":\"ListItem\",\"position\":2,\"name\":\"Events &amp; Exhibitions\",\"item\":\"https:\\\/\\\/www.area-arch.it\\\/en\\\/category\\\/events-exhibitions\\\/\"},{\"@type\":\"ListItem\",\"position\":3,\"name\":\"African Cities in Motion\"}]},{\"@type\":\"WebSite\",\"@id\":\"https:\\\/\\\/www.area-arch.it\\\/en\\\/#website\",\"url\":\"https:\\\/\\\/www.area-arch.it\\\/en\\\/\",\"name\":\"Area\",\"description\":\"rivista di architettura e arti del progetto\",\"potentialAction\":[{\"@type\":\"SearchAction\",\"target\":{\"@type\":\"EntryPoint\",\"urlTemplate\":\"https:\\\/\\\/www.area-arch.it\\\/en\\\/?s={search_term_string}\"},\"query-input\":{\"@type\":\"PropertyValueSpecification\",\"valueRequired\":true,\"valueName\":\"search_term_string\"}}],\"inLanguage\":\"en-US\"},{\"@type\":\"Person\",\"@id\":\"https:\\\/\\\/www.area-arch.it\\\/en\\\/#\\\/schema\\\/person\\\/c17684bebf1201ed3dc8e9cd5c67b73a\",\"name\":\"Elena Ronchi\",\"image\":{\"@type\":\"ImageObject\",\"inLanguage\":\"en-US\",\"@id\":\"https:\\\/\\\/secure.gravatar.com\\\/avatar\\\/62aade9c12a4022340b68b0d465844635f14fbc1d4b29cb16e22aa39981b45ce?s=96&d=mm&r=g\",\"url\":\"https:\\\/\\\/secure.gravatar.com\\\/avatar\\\/62aade9c12a4022340b68b0d465844635f14fbc1d4b29cb16e22aa39981b45ce?s=96&d=mm&r=g\",\"contentUrl\":\"https:\\\/\\\/secure.gravatar.com\\\/avatar\\\/62aade9c12a4022340b68b0d465844635f14fbc1d4b29cb16e22aa39981b45ce?s=96&d=mm&r=g\",\"caption\":\"Elena Ronchi\"},\"url\":\"https:\\\/\\\/www.area-arch.it\\\/en\\\/author\\\/eronchi\\\/\"}]}<\/script>\n<!-- \/ Yoast SEO plugin. -->","yoast_head_json":{"title":"African Cities in Motion | Area","description":"On the occasion of the 56th International Art Exhibition of the Venice Biennale, AS.Architecture-Studioinvites Pascale Cassagnau \u2013 in charge of the audio","robots":{"index":"index","follow":"follow","max-snippet":"max-snippet:-1","max-image-preview":"max-image-preview:large","max-video-preview":"max-video-preview:-1"},"canonical":"https:\/\/www.area-arch.it\/en\/citta-africane-in-movimento\/","og_locale":"en_US","og_type":"article","og_title":"African Cities in Motion | Area","og_description":"On the occasion of the 56th International Art Exhibition of the Venice Biennale, AS.Architecture-Studioinvites Pascale Cassagnau \u2013 in charge of the audio","og_url":"https:\/\/www.area-arch.it\/en\/citta-africane-in-movimento\/","og_site_name":"Area","article_publisher":"https:\/\/www.facebook.com\/Area.Arch","article_published_time":"2015-06-10T09:44:01+00:00","article_modified_time":"2016-10-27T10:31:54+00:00","og_image":[{"width":633,"height":385,"url":"https:\/\/static.tecnichenuove.it\/areaarch\/2015\/06\/CAASI.jpg","type":"image\/jpeg"}],"author":"Elena Ronchi","twitter_misc":{"Written by":"Elena Ronchi","Est. reading time":"1 minute"},"schema":{"@context":"https:\/\/schema.org","@graph":[{"@type":"Article","@id":"https:\/\/www.area-arch.it\/en\/citta-africane-in-movimento\/#article","isPartOf":{"@id":"https:\/\/www.area-arch.it\/en\/citta-africane-in-movimento\/"},"author":{"name":"Elena Ronchi","@id":"https:\/\/www.area-arch.it\/en\/#\/schema\/person\/c17684bebf1201ed3dc8e9cd5c67b73a"},"headline":"African Cities in Motion","datePublished":"2015-06-10T09:44:01+00:00","dateModified":"2016-10-27T10:31:54+00:00","mainEntityOfPage":{"@id":"https:\/\/www.area-arch.it\/en\/citta-africane-in-movimento\/"},"wordCount":192,"commentCount":0,"image":{"@id":"https:\/\/www.area-arch.it\/en\/citta-africane-in-movimento\/#primaryimage"},"thumbnailUrl":"https:\/\/static.tecnichenuove.it\/areaarch\/2015\/06\/CAASI.jpg","articleSection":["Events &amp; Exhibitions"],"inLanguage":"en-US","potentialAction":[{"@type":"CommentAction","name":"Comment","target":["https:\/\/www.area-arch.it\/en\/citta-africane-in-movimento\/#respond"]}]},{"@type":"WebPage","@id":"https:\/\/www.area-arch.it\/en\/citta-africane-in-movimento\/","url":"https:\/\/www.area-arch.it\/en\/citta-africane-in-movimento\/","name":"African Cities in Motion | Area","isPartOf":{"@id":"https:\/\/www.area-arch.it\/en\/#website"},"primaryImageOfPage":{"@id":"https:\/\/www.area-arch.it\/en\/citta-africane-in-movimento\/#primaryimage"},"image":{"@id":"https:\/\/www.area-arch.it\/en\/citta-africane-in-movimento\/#primaryimage"},"thumbnailUrl":"https:\/\/static.tecnichenuove.it\/areaarch\/2015\/06\/CAASI.jpg","datePublished":"2015-06-10T09:44:01+00:00","dateModified":"2016-10-27T10:31:54+00:00","author":{"@id":"https:\/\/www.area-arch.it\/en\/#\/schema\/person\/c17684bebf1201ed3dc8e9cd5c67b73a"},"description":"On the occasion of the 56th International Art Exhibition of the Venice Biennale, AS.Architecture-Studioinvites Pascale Cassagnau \u2013 in charge of the audio","breadcrumb":{"@id":"https:\/\/www.area-arch.it\/en\/citta-africane-in-movimento\/#breadcrumb"},"inLanguage":"en-US","potentialAction":[{"@type":"ReadAction","target":["https:\/\/www.area-arch.it\/en\/citta-africane-in-movimento\/"]}]},{"@type":"ImageObject","inLanguage":"en-US","@id":"https:\/\/www.area-arch.it\/en\/citta-africane-in-movimento\/#primaryimage","url":"https:\/\/static.tecnichenuove.it\/areaarch\/2015\/06\/CAASI.jpg","contentUrl":"https:\/\/static.tecnichenuove.it\/areaarch\/2015\/06\/CAASI.jpg","width":633,"height":385},{"@type":"BreadcrumbList","@id":"https:\/\/www.area-arch.it\/en\/citta-africane-in-movimento\/#breadcrumb","itemListElement":[{"@type":"ListItem","position":1,"name":"Home","item":"https:\/\/www.area-arch.it\/en\/homepage-24\/"},{"@type":"ListItem","position":2,"name":"Events &amp; Exhibitions","item":"https:\/\/www.area-arch.it\/en\/category\/events-exhibitions\/"},{"@type":"ListItem","position":3,"name":"African Cities in Motion"}]},{"@type":"WebSite","@id":"https:\/\/www.area-arch.it\/en\/#website","url":"https:\/\/www.area-arch.it\/en\/","name":"Area","description":"rivista di architettura e arti del progetto","potentialAction":[{"@type":"SearchAction","target":{"@type":"EntryPoint","urlTemplate":"https:\/\/www.area-arch.it\/en\/?s={search_term_string}"},"query-input":{"@type":"PropertyValueSpecification","valueRequired":true,"valueName":"search_term_string"}}],"inLanguage":"en-US"},{"@type":"Person","@id":"https:\/\/www.area-arch.it\/en\/#\/schema\/person\/c17684bebf1201ed3dc8e9cd5c67b73a","name":"Elena Ronchi","image":{"@type":"ImageObject","inLanguage":"en-US","@id":"https:\/\/secure.gravatar.com\/avatar\/62aade9c12a4022340b68b0d465844635f14fbc1d4b29cb16e22aa39981b45ce?s=96&d=mm&r=g","url":"https:\/\/secure.gravatar.com\/avatar\/62aade9c12a4022340b68b0d465844635f14fbc1d4b29cb16e22aa39981b45ce?s=96&d=mm&r=g","contentUrl":"https:\/\/secure.gravatar.com\/avatar\/62aade9c12a4022340b68b0d465844635f14fbc1d4b29cb16e22aa39981b45ce?s=96&d=mm&r=g","caption":"Elena Ronchi"},"url":"https:\/\/www.area-arch.it\/en\/author\/eronchi\/"}]}},"_links":{"self":[{"href":"https:\/\/www.area-arch.it\/en\/wp-json\/wp\/v2\/posts\/9256","targetHints":{"allow":["GET"]}}],"collection":[{"href":"https:\/\/www.area-arch.it\/en\/wp-json\/wp\/v2\/posts"}],"about":[{"href":"https:\/\/www.area-arch.it\/en\/wp-json\/wp\/v2\/types\/post"}],"author":[{"embeddable":true,"href":"https:\/\/www.area-arch.it\/en\/wp-json\/wp\/v2\/users\/291"}],"replies":[{"embeddable":true,"href":"https:\/\/www.area-arch.it\/en\/wp-json\/wp\/v2\/comments?post=9256"}],"version-history":[{"count":2,"href":"https:\/\/www.area-arch.it\/en\/wp-json\/wp\/v2\/posts\/9256\/revisions"}],"predecessor-version":[{"id":9259,"href":"https:\/\/www.area-arch.it\/en\/wp-json\/wp\/v2\/posts\/9256\/revisions\/9259"}],"wp:featuredmedia":[{"embeddable":true,"href":"https:\/\/www.area-arch.it\/en\/wp-json\/wp\/v2\/media\/9253"}],"wp:attachment":[{"href":"https:\/\/www.area-arch.it\/en\/wp-json\/wp\/v2\/media?parent=9256"}],"wp:term":[{"taxonomy":"category","embeddable":true,"href":"https:\/\/www.area-arch.it\/en\/wp-json\/wp\/v2\/categories?post=9256"},{"taxonomy":"post_tag","embeddable":true,"href":"https:\/\/www.area-arch.it\/en\/wp-json\/wp\/v2\/tags?post=9256"}],"curies":[{"name":"wp","href":"https:\/\/api.w.org\/{rel}","templated":true}]}}