{"id":82134,"date":"2020-02-05T18:30:15","date_gmt":"2020-02-05T17:30:15","guid":{"rendered":"https:\/\/www.area-arch.it\/en\/?p=82134"},"modified":"2020-02-05T18:32:48","modified_gmt":"2020-02-05T17:32:48","slug":"un-volume-puro-in-dialogo-con-la-presistenza-firmato-da-ov-a","status":"publish","type":"post","link":"https:\/\/www.area-arch.it\/en\/un-volume-puro-in-dialogo-con-la-presistenza-firmato-da-ov-a\/","title":{"rendered":"Un volume puro in dialogo con la presistenza firmato da OV-A"},"content":{"rendered":"<figure id=\"attachment_82130\" aria-describedby=\"caption-attachment-82130\" style=\"width: 800px\" class=\"wp-caption alignnone\"><img loading=\"lazy\" decoding=\"async\" class=\"size-full wp-image-82130\" src=\"https:\/\/www.area-arch.it\/wp-content\/uploads\/sites\/6\/2020\/02\/ov-a-boysplaynice-tomas-soucek-lasvit-headquarters.jpg\" alt=\"\" width=\"800\" height=\"649\" srcset=\"https:\/\/static.tecnichenuove.it\/areaarch\/2020\/02\/ov-a-boysplaynice-tomas-soucek-lasvit-headquarters.jpg 800w, https:\/\/static.tecnichenuove.it\/areaarch\/2020\/02\/ov-a-boysplaynice-tomas-soucek-lasvit-headquarters-300x243.jpg 300w, https:\/\/static.tecnichenuove.it\/areaarch\/2020\/02\/ov-a-boysplaynice-tomas-soucek-lasvit-headquarters-768x623.jpg 768w, https:\/\/static.tecnichenuove.it\/areaarch\/2020\/02\/ov-a-boysplaynice-tomas-soucek-lasvit-headquarters-696x565.jpg 696w, https:\/\/static.tecnichenuove.it\/areaarch\/2020\/02\/ov-a-boysplaynice-tomas-soucek-lasvit-headquarters-518x420.jpg 518w\" sizes=\"auto, (max-width: 800px) 100vw, 800px\" \/><figcaption id=\"caption-attachment-82130\" class=\"wp-caption-text\">photo by BOYSPLAYNICE, TOM\u00c1\u0160 SOU\u010cEK<\/figcaption><\/figure>\n<p>The overall design of the project reflects the longstanding tradition of glass making that Lasvit represents and promotes. The two traditional buildings from the early 19th century were completed with another two similarly sized and shaped abstract black and white volumes to create a harmonic and functional compound.<br \/>\nThe first of the new buildings, seemingly composed entirely out of translucent glass, serves as an office caf\u00e9 on the ground floor with an archive of the design samples on the floor above. This large, well-lit rectangular space with an unusual concave dome ceiling with a grid pattern can be also used as a conference room, when enclosed.<br \/>\nThe second building covered with black metal plates, which resemble the traditional cladding of slate plates used on roofs throughout the region, provides a four-story space partly hidden below the ground and is used for testing and presenting the full-scale products \u2013 chandeliers and light-sculptures weighing up to 5 tonnes.<br \/>\nThe two culturally protected historical buildings were stripped of their various extensions and additions which were made within the two hundred years since their construction. Their facades have been carefully redesigned to its historical original state and the interiors were humbly reconstructed to work as an office space for the Lasvit company.<\/p>\n<figure id=\"attachment_82126\" aria-describedby=\"caption-attachment-82126\" style=\"width: 800px\" class=\"wp-caption alignnone\"><img loading=\"lazy\" decoding=\"async\" class=\"wp-image-82126 size-full\" src=\"https:\/\/www.area-arch.it\/wp-content\/uploads\/sites\/6\/2020\/02\/ov-a-boysplaynice-tomas-soucek-lasvit-headquarters-3.jpg\" alt=\"\" width=\"800\" height=\"1200\" srcset=\"https:\/\/static.tecnichenuove.it\/areaarch\/2020\/02\/ov-a-boysplaynice-tomas-soucek-lasvit-headquarters-3.jpg 800w, https:\/\/static.tecnichenuove.it\/areaarch\/2020\/02\/ov-a-boysplaynice-tomas-soucek-lasvit-headquarters-3-200x300.jpg 200w, https:\/\/static.tecnichenuove.it\/areaarch\/2020\/02\/ov-a-boysplaynice-tomas-soucek-lasvit-headquarters-3-768x1152.jpg 768w, https:\/\/static.tecnichenuove.it\/areaarch\/2020\/02\/ov-a-boysplaynice-tomas-soucek-lasvit-headquarters-3-683x1024.jpg 683w, https:\/\/static.tecnichenuove.it\/areaarch\/2020\/02\/ov-a-boysplaynice-tomas-soucek-lasvit-headquarters-3-696x1044.jpg 696w, https:\/\/static.tecnichenuove.it\/areaarch\/2020\/02\/ov-a-boysplaynice-tomas-soucek-lasvit-headquarters-3-280x420.jpg 280w\" sizes=\"auto, (max-width: 800px) 100vw, 800px\" \/><figcaption id=\"caption-attachment-82126\" class=\"wp-caption-text\">photo by BOYSPLAYNICE, TOM\u00c1\u0160 SOU\u010cEK<\/figcaption><\/figure>\n<figure id=\"attachment_82127\" aria-describedby=\"caption-attachment-82127\" style=\"width: 800px\" class=\"wp-caption alignnone\"><img loading=\"lazy\" decoding=\"async\" class=\"wp-image-82127 size-full\" src=\"https:\/\/www.area-arch.it\/wp-content\/uploads\/sites\/6\/2020\/02\/ov-a-boysplaynice-tomas-soucek-lasvit-headquarters-4.jpg\" alt=\"\" width=\"800\" height=\"590\" srcset=\"https:\/\/static.tecnichenuove.it\/areaarch\/2020\/02\/ov-a-boysplaynice-tomas-soucek-lasvit-headquarters-4.jpg 800w, https:\/\/static.tecnichenuove.it\/areaarch\/2020\/02\/ov-a-boysplaynice-tomas-soucek-lasvit-headquarters-4-300x221.jpg 300w, https:\/\/static.tecnichenuove.it\/areaarch\/2020\/02\/ov-a-boysplaynice-tomas-soucek-lasvit-headquarters-4-768x566.jpg 768w, https:\/\/static.tecnichenuove.it\/areaarch\/2020\/02\/ov-a-boysplaynice-tomas-soucek-lasvit-headquarters-4-80x60.jpg 80w, https:\/\/static.tecnichenuove.it\/areaarch\/2020\/02\/ov-a-boysplaynice-tomas-soucek-lasvit-headquarters-4-696x513.jpg 696w, https:\/\/static.tecnichenuove.it\/areaarch\/2020\/02\/ov-a-boysplaynice-tomas-soucek-lasvit-headquarters-4-569x420.jpg 569w\" sizes=\"auto, (max-width: 800px) 100vw, 800px\" \/><figcaption id=\"caption-attachment-82127\" class=\"wp-caption-text\">photo by BOYSPLAYNICE, TOM\u00c1\u0160 SOU\u010cEK<\/figcaption><\/figure>\n","protected":false},"excerpt":{"rendered":"<p>The overall design of the project reflects the longstanding tradition of glass making that Lasvit represents and promotes. The two traditional buildings from the early 19th century were completed with another two similarly sized and shaped abstract black and white volumes to create a harmonic and functional compound. The first of the new buildings, seemingly<\/p>\n","protected":false},"author":36661,"featured_media":82124,"comment_status":"open","ping_status":"closed","sticky":false,"template":"","format":"standard","meta":{"footnotes":""},"categories":[52],"tags":[18587,18586],"class_list":["post-82134","post","type-post","status-publish","format-standard","has-post-thumbnail","hentry","category-architecture","tag-lasvit","tag-ov-a"],"yoast_head":"<!-- This site is optimized with the Yoast SEO plugin v27.5 - https:\/\/yoast.com\/product\/yoast-seo-wordpress\/ -->\n<title>Un volume puro in dialogo con la presistenza firmato da OV-A | Area<\/title>\n<meta name=\"description\" content=\"The overall design of the project reflects the longstanding tradition of glass making that Lasvit represents and promotes. The two traditional buildings\" \/>\n<meta name=\"robots\" content=\"index, follow, max-snippet:-1, max-image-preview:large, max-video-preview:-1\" \/>\n<link rel=\"canonical\" href=\"https:\/\/www.area-arch.it\/en\/un-volume-puro-in-dialogo-con-la-presistenza-firmato-da-ov-a\/\" \/>\n<meta property=\"og:locale\" content=\"en_US\" \/>\n<meta property=\"og:type\" content=\"article\" \/>\n<meta property=\"og:title\" content=\"Un volume puro in dialogo con la presistenza firmato da OV-A | Area\" \/>\n<meta property=\"og:description\" content=\"The overall design of the project reflects the longstanding tradition of glass making that Lasvit represents and promotes. The two traditional buildings\" \/>\n<meta property=\"og:url\" content=\"https:\/\/www.area-arch.it\/en\/un-volume-puro-in-dialogo-con-la-presistenza-firmato-da-ov-a\/\" \/>\n<meta property=\"og:site_name\" content=\"Area\" \/>\n<meta property=\"article:publisher\" content=\"https:\/\/www.facebook.com\/Area.Arch\" \/>\n<meta property=\"article:published_time\" content=\"2020-02-05T17:30:15+00:00\" \/>\n<meta property=\"article:modified_time\" content=\"2020-02-05T17:32:48+00:00\" \/>\n<meta property=\"og:image\" content=\"https:\/\/static.tecnichenuove.it\/areaarch\/2020\/02\/ov-a-boysplaynice-tomas-soucek-lasvit-headquarters-1.jpg\" \/>\n\t<meta property=\"og:image:width\" content=\"800\" \/>\n\t<meta property=\"og:image:height\" content=\"533\" \/>\n\t<meta property=\"og:image:type\" content=\"image\/jpeg\" \/>\n<meta name=\"author\" content=\"Andrea Benelli\" \/>\n<meta name=\"twitter:label1\" content=\"Written by\" \/>\n\t<meta name=\"twitter:data1\" content=\"Andrea Benelli\" \/>\n\t<meta name=\"twitter:label2\" content=\"Est. reading time\" \/>\n\t<meta name=\"twitter:data2\" content=\"1 minute\" \/>\n<script type=\"application\/ld+json\" class=\"yoast-schema-graph\">{\"@context\":\"https:\\\/\\\/schema.org\",\"@graph\":[{\"@type\":\"Article\",\"@id\":\"https:\\\/\\\/www.area-arch.it\\\/en\\\/un-volume-puro-in-dialogo-con-la-presistenza-firmato-da-ov-a\\\/#article\",\"isPartOf\":{\"@id\":\"https:\\\/\\\/www.area-arch.it\\\/en\\\/un-volume-puro-in-dialogo-con-la-presistenza-firmato-da-ov-a\\\/\"},\"author\":{\"name\":\"Andrea Benelli\",\"@id\":\"https:\\\/\\\/www.area-arch.it\\\/en\\\/#\\\/schema\\\/person\\\/1ef8c82c94d5ab5ac40001e553565903\"},\"headline\":\"Un volume puro in dialogo con la presistenza firmato da OV-A\",\"datePublished\":\"2020-02-05T17:30:15+00:00\",\"dateModified\":\"2020-02-05T17:32:48+00:00\",\"mainEntityOfPage\":{\"@id\":\"https:\\\/\\\/www.area-arch.it\\\/en\\\/un-volume-puro-in-dialogo-con-la-presistenza-firmato-da-ov-a\\\/\"},\"wordCount\":256,\"commentCount\":0,\"image\":{\"@id\":\"https:\\\/\\\/www.area-arch.it\\\/en\\\/un-volume-puro-in-dialogo-con-la-presistenza-firmato-da-ov-a\\\/#primaryimage\"},\"thumbnailUrl\":\"https:\\\/\\\/static.tecnichenuove.it\\\/areaarch\\\/2020\\\/02\\\/ov-a-boysplaynice-tomas-soucek-lasvit-headquarters-1.jpg\",\"keywords\":[\"Lasvit\",\"OV-A\"],\"articleSection\":[\"Architecture\"],\"inLanguage\":\"en-US\",\"potentialAction\":[{\"@type\":\"CommentAction\",\"name\":\"Comment\",\"target\":[\"https:\\\/\\\/www.area-arch.it\\\/en\\\/un-volume-puro-in-dialogo-con-la-presistenza-firmato-da-ov-a\\\/#respond\"]}]},{\"@type\":\"WebPage\",\"@id\":\"https:\\\/\\\/www.area-arch.it\\\/en\\\/un-volume-puro-in-dialogo-con-la-presistenza-firmato-da-ov-a\\\/\",\"url\":\"https:\\\/\\\/www.area-arch.it\\\/en\\\/un-volume-puro-in-dialogo-con-la-presistenza-firmato-da-ov-a\\\/\",\"name\":\"Un volume puro in dialogo con la presistenza firmato da OV-A | Area\",\"isPartOf\":{\"@id\":\"https:\\\/\\\/www.area-arch.it\\\/en\\\/#website\"},\"primaryImageOfPage\":{\"@id\":\"https:\\\/\\\/www.area-arch.it\\\/en\\\/un-volume-puro-in-dialogo-con-la-presistenza-firmato-da-ov-a\\\/#primaryimage\"},\"image\":{\"@id\":\"https:\\\/\\\/www.area-arch.it\\\/en\\\/un-volume-puro-in-dialogo-con-la-presistenza-firmato-da-ov-a\\\/#primaryimage\"},\"thumbnailUrl\":\"https:\\\/\\\/static.tecnichenuove.it\\\/areaarch\\\/2020\\\/02\\\/ov-a-boysplaynice-tomas-soucek-lasvit-headquarters-1.jpg\",\"datePublished\":\"2020-02-05T17:30:15+00:00\",\"dateModified\":\"2020-02-05T17:32:48+00:00\",\"author\":{\"@id\":\"https:\\\/\\\/www.area-arch.it\\\/en\\\/#\\\/schema\\\/person\\\/1ef8c82c94d5ab5ac40001e553565903\"},\"description\":\"The overall design of the project reflects the longstanding tradition of glass making that Lasvit represents and promotes. The two traditional buildings\",\"breadcrumb\":{\"@id\":\"https:\\\/\\\/www.area-arch.it\\\/en\\\/un-volume-puro-in-dialogo-con-la-presistenza-firmato-da-ov-a\\\/#breadcrumb\"},\"inLanguage\":\"en-US\",\"potentialAction\":[{\"@type\":\"ReadAction\",\"target\":[\"https:\\\/\\\/www.area-arch.it\\\/en\\\/un-volume-puro-in-dialogo-con-la-presistenza-firmato-da-ov-a\\\/\"]}]},{\"@type\":\"ImageObject\",\"inLanguage\":\"en-US\",\"@id\":\"https:\\\/\\\/www.area-arch.it\\\/en\\\/un-volume-puro-in-dialogo-con-la-presistenza-firmato-da-ov-a\\\/#primaryimage\",\"url\":\"https:\\\/\\\/static.tecnichenuove.it\\\/areaarch\\\/2020\\\/02\\\/ov-a-boysplaynice-tomas-soucek-lasvit-headquarters-1.jpg\",\"contentUrl\":\"https:\\\/\\\/static.tecnichenuove.it\\\/areaarch\\\/2020\\\/02\\\/ov-a-boysplaynice-tomas-soucek-lasvit-headquarters-1.jpg\",\"width\":800,\"height\":533},{\"@type\":\"BreadcrumbList\",\"@id\":\"https:\\\/\\\/www.area-arch.it\\\/en\\\/un-volume-puro-in-dialogo-con-la-presistenza-firmato-da-ov-a\\\/#breadcrumb\",\"itemListElement\":[{\"@type\":\"ListItem\",\"position\":1,\"name\":\"Home\",\"item\":\"https:\\\/\\\/www.area-arch.it\\\/en\\\/homepage-24\\\/\"},{\"@type\":\"ListItem\",\"position\":2,\"name\":\"Architecture\",\"item\":\"https:\\\/\\\/www.area-arch.it\\\/en\\\/category\\\/architecture\\\/\"},{\"@type\":\"ListItem\",\"position\":3,\"name\":\"Un volume puro in dialogo con la presistenza firmato da OV-A\"}]},{\"@type\":\"WebSite\",\"@id\":\"https:\\\/\\\/www.area-arch.it\\\/en\\\/#website\",\"url\":\"https:\\\/\\\/www.area-arch.it\\\/en\\\/\",\"name\":\"Area\",\"description\":\"rivista di architettura e arti del progetto\",\"potentialAction\":[{\"@type\":\"SearchAction\",\"target\":{\"@type\":\"EntryPoint\",\"urlTemplate\":\"https:\\\/\\\/www.area-arch.it\\\/en\\\/?s={search_term_string}\"},\"query-input\":{\"@type\":\"PropertyValueSpecification\",\"valueRequired\":true,\"valueName\":\"search_term_string\"}}],\"inLanguage\":\"en-US\"},{\"@type\":\"Person\",\"@id\":\"https:\\\/\\\/www.area-arch.it\\\/en\\\/#\\\/schema\\\/person\\\/1ef8c82c94d5ab5ac40001e553565903\",\"name\":\"Andrea Benelli\",\"image\":{\"@type\":\"ImageObject\",\"inLanguage\":\"en-US\",\"@id\":\"https:\\\/\\\/secure.gravatar.com\\\/avatar\\\/32f7cac264e265b8a7e4e6bfa6eb6902915ae005eb23d8d48b9a55ab69620fa6?s=96&d=mm&r=g\",\"url\":\"https:\\\/\\\/secure.gravatar.com\\\/avatar\\\/32f7cac264e265b8a7e4e6bfa6eb6902915ae005eb23d8d48b9a55ab69620fa6?s=96&d=mm&r=g\",\"contentUrl\":\"https:\\\/\\\/secure.gravatar.com\\\/avatar\\\/32f7cac264e265b8a7e4e6bfa6eb6902915ae005eb23d8d48b9a55ab69620fa6?s=96&d=mm&r=g\",\"caption\":\"Andrea Benelli\"},\"url\":\"https:\\\/\\\/www.area-arch.it\\\/en\\\/author\\\/abenelli\\\/\"}]}<\/script>\n<!-- \/ Yoast SEO plugin. -->","yoast_head_json":{"title":"Un volume puro in dialogo con la presistenza firmato da OV-A | Area","description":"The overall design of the project reflects the longstanding tradition of glass making that Lasvit represents and promotes. The two traditional buildings","robots":{"index":"index","follow":"follow","max-snippet":"max-snippet:-1","max-image-preview":"max-image-preview:large","max-video-preview":"max-video-preview:-1"},"canonical":"https:\/\/www.area-arch.it\/en\/un-volume-puro-in-dialogo-con-la-presistenza-firmato-da-ov-a\/","og_locale":"en_US","og_type":"article","og_title":"Un volume puro in dialogo con la presistenza firmato da OV-A | Area","og_description":"The overall design of the project reflects the longstanding tradition of glass making that Lasvit represents and promotes. The two traditional buildings","og_url":"https:\/\/www.area-arch.it\/en\/un-volume-puro-in-dialogo-con-la-presistenza-firmato-da-ov-a\/","og_site_name":"Area","article_publisher":"https:\/\/www.facebook.com\/Area.Arch","article_published_time":"2020-02-05T17:30:15+00:00","article_modified_time":"2020-02-05T17:32:48+00:00","og_image":[{"width":800,"height":533,"url":"https:\/\/static.tecnichenuove.it\/areaarch\/2020\/02\/ov-a-boysplaynice-tomas-soucek-lasvit-headquarters-1.jpg","type":"image\/jpeg"}],"author":"Andrea Benelli","twitter_misc":{"Written by":"Andrea Benelli","Est. reading time":"1 minute"},"schema":{"@context":"https:\/\/schema.org","@graph":[{"@type":"Article","@id":"https:\/\/www.area-arch.it\/en\/un-volume-puro-in-dialogo-con-la-presistenza-firmato-da-ov-a\/#article","isPartOf":{"@id":"https:\/\/www.area-arch.it\/en\/un-volume-puro-in-dialogo-con-la-presistenza-firmato-da-ov-a\/"},"author":{"name":"Andrea Benelli","@id":"https:\/\/www.area-arch.it\/en\/#\/schema\/person\/1ef8c82c94d5ab5ac40001e553565903"},"headline":"Un volume puro in dialogo con la presistenza firmato da OV-A","datePublished":"2020-02-05T17:30:15+00:00","dateModified":"2020-02-05T17:32:48+00:00","mainEntityOfPage":{"@id":"https:\/\/www.area-arch.it\/en\/un-volume-puro-in-dialogo-con-la-presistenza-firmato-da-ov-a\/"},"wordCount":256,"commentCount":0,"image":{"@id":"https:\/\/www.area-arch.it\/en\/un-volume-puro-in-dialogo-con-la-presistenza-firmato-da-ov-a\/#primaryimage"},"thumbnailUrl":"https:\/\/static.tecnichenuove.it\/areaarch\/2020\/02\/ov-a-boysplaynice-tomas-soucek-lasvit-headquarters-1.jpg","keywords":["Lasvit","OV-A"],"articleSection":["Architecture"],"inLanguage":"en-US","potentialAction":[{"@type":"CommentAction","name":"Comment","target":["https:\/\/www.area-arch.it\/en\/un-volume-puro-in-dialogo-con-la-presistenza-firmato-da-ov-a\/#respond"]}]},{"@type":"WebPage","@id":"https:\/\/www.area-arch.it\/en\/un-volume-puro-in-dialogo-con-la-presistenza-firmato-da-ov-a\/","url":"https:\/\/www.area-arch.it\/en\/un-volume-puro-in-dialogo-con-la-presistenza-firmato-da-ov-a\/","name":"Un volume puro in dialogo con la presistenza firmato da OV-A | Area","isPartOf":{"@id":"https:\/\/www.area-arch.it\/en\/#website"},"primaryImageOfPage":{"@id":"https:\/\/www.area-arch.it\/en\/un-volume-puro-in-dialogo-con-la-presistenza-firmato-da-ov-a\/#primaryimage"},"image":{"@id":"https:\/\/www.area-arch.it\/en\/un-volume-puro-in-dialogo-con-la-presistenza-firmato-da-ov-a\/#primaryimage"},"thumbnailUrl":"https:\/\/static.tecnichenuove.it\/areaarch\/2020\/02\/ov-a-boysplaynice-tomas-soucek-lasvit-headquarters-1.jpg","datePublished":"2020-02-05T17:30:15+00:00","dateModified":"2020-02-05T17:32:48+00:00","author":{"@id":"https:\/\/www.area-arch.it\/en\/#\/schema\/person\/1ef8c82c94d5ab5ac40001e553565903"},"description":"The overall design of the project reflects the longstanding tradition of glass making that Lasvit represents and promotes. The two traditional buildings","breadcrumb":{"@id":"https:\/\/www.area-arch.it\/en\/un-volume-puro-in-dialogo-con-la-presistenza-firmato-da-ov-a\/#breadcrumb"},"inLanguage":"en-US","potentialAction":[{"@type":"ReadAction","target":["https:\/\/www.area-arch.it\/en\/un-volume-puro-in-dialogo-con-la-presistenza-firmato-da-ov-a\/"]}]},{"@type":"ImageObject","inLanguage":"en-US","@id":"https:\/\/www.area-arch.it\/en\/un-volume-puro-in-dialogo-con-la-presistenza-firmato-da-ov-a\/#primaryimage","url":"https:\/\/static.tecnichenuove.it\/areaarch\/2020\/02\/ov-a-boysplaynice-tomas-soucek-lasvit-headquarters-1.jpg","contentUrl":"https:\/\/static.tecnichenuove.it\/areaarch\/2020\/02\/ov-a-boysplaynice-tomas-soucek-lasvit-headquarters-1.jpg","width":800,"height":533},{"@type":"BreadcrumbList","@id":"https:\/\/www.area-arch.it\/en\/un-volume-puro-in-dialogo-con-la-presistenza-firmato-da-ov-a\/#breadcrumb","itemListElement":[{"@type":"ListItem","position":1,"name":"Home","item":"https:\/\/www.area-arch.it\/en\/homepage-24\/"},{"@type":"ListItem","position":2,"name":"Architecture","item":"https:\/\/www.area-arch.it\/en\/category\/architecture\/"},{"@type":"ListItem","position":3,"name":"Un volume puro in dialogo con la presistenza firmato da OV-A"}]},{"@type":"WebSite","@id":"https:\/\/www.area-arch.it\/en\/#website","url":"https:\/\/www.area-arch.it\/en\/","name":"Area","description":"rivista di architettura e arti del progetto","potentialAction":[{"@type":"SearchAction","target":{"@type":"EntryPoint","urlTemplate":"https:\/\/www.area-arch.it\/en\/?s={search_term_string}"},"query-input":{"@type":"PropertyValueSpecification","valueRequired":true,"valueName":"search_term_string"}}],"inLanguage":"en-US"},{"@type":"Person","@id":"https:\/\/www.area-arch.it\/en\/#\/schema\/person\/1ef8c82c94d5ab5ac40001e553565903","name":"Andrea Benelli","image":{"@type":"ImageObject","inLanguage":"en-US","@id":"https:\/\/secure.gravatar.com\/avatar\/32f7cac264e265b8a7e4e6bfa6eb6902915ae005eb23d8d48b9a55ab69620fa6?s=96&d=mm&r=g","url":"https:\/\/secure.gravatar.com\/avatar\/32f7cac264e265b8a7e4e6bfa6eb6902915ae005eb23d8d48b9a55ab69620fa6?s=96&d=mm&r=g","contentUrl":"https:\/\/secure.gravatar.com\/avatar\/32f7cac264e265b8a7e4e6bfa6eb6902915ae005eb23d8d48b9a55ab69620fa6?s=96&d=mm&r=g","caption":"Andrea Benelli"},"url":"https:\/\/www.area-arch.it\/en\/author\/abenelli\/"}]}},"_links":{"self":[{"href":"https:\/\/www.area-arch.it\/en\/wp-json\/wp\/v2\/posts\/82134","targetHints":{"allow":["GET"]}}],"collection":[{"href":"https:\/\/www.area-arch.it\/en\/wp-json\/wp\/v2\/posts"}],"about":[{"href":"https:\/\/www.area-arch.it\/en\/wp-json\/wp\/v2\/types\/post"}],"author":[{"embeddable":true,"href":"https:\/\/www.area-arch.it\/en\/wp-json\/wp\/v2\/users\/36661"}],"replies":[{"embeddable":true,"href":"https:\/\/www.area-arch.it\/en\/wp-json\/wp\/v2\/comments?post=82134"}],"version-history":[{"count":1,"href":"https:\/\/www.area-arch.it\/en\/wp-json\/wp\/v2\/posts\/82134\/revisions"}],"predecessor-version":[{"id":82135,"href":"https:\/\/www.area-arch.it\/en\/wp-json\/wp\/v2\/posts\/82134\/revisions\/82135"}],"wp:featuredmedia":[{"embeddable":true,"href":"https:\/\/www.area-arch.it\/en\/wp-json\/wp\/v2\/media\/82124"}],"wp:attachment":[{"href":"https:\/\/www.area-arch.it\/en\/wp-json\/wp\/v2\/media?parent=82134"}],"wp:term":[{"taxonomy":"category","embeddable":true,"href":"https:\/\/www.area-arch.it\/en\/wp-json\/wp\/v2\/categories?post=82134"},{"taxonomy":"post_tag","embeddable":true,"href":"https:\/\/www.area-arch.it\/en\/wp-json\/wp\/v2\/tags?post=82134"}],"curies":[{"name":"wp","href":"https:\/\/api.w.org\/{rel}","templated":true}]}}