{"id":79600,"date":"2019-11-27T15:00:03","date_gmt":"2019-11-27T14:00:03","guid":{"rendered":"https:\/\/www.area-arch.it\/en\/?p=79600"},"modified":"2019-11-27T15:18:40","modified_gmt":"2019-11-27T14:18:40","slug":"un-dialogo-con-patricia-urquiola-materia-luce-colore","status":"publish","type":"post","link":"https:\/\/www.area-arch.it\/en\/un-dialogo-con-patricia-urquiola-materia-luce-colore\/","title":{"rendered":"Un dialogo con Patricia Urquiola: Materia, Luce, Colore"},"content":{"rendered":"<p class=\"p1\"><span class=\"s1\"><b>Andrea Benelli<\/b><\/span>: Assistente di Castiglioni ed Eugenio Bettinelli al Politecnico e all\u2019ENSCI di Parigi, collaboratrice con De Padova al fianco di Vico Magistretti, ha coordinato il Gruppo design dello studio Piero Lissoni. Come questi personaggi hanno influenzato il suo approccio progettuale<span class=\"s2\">?<\/span><\/p>\n<p class=\"p1\"><span class=\"s1\"><b>Patricia Urquiola<\/b><\/span>: Ho avuto la fortuna di incontrare grandi maestri e grandi personalit\u00e0 che sono stati determinanti nelle mie scelte professionali: Achille era un grande designer, un maestro che incarnava etica e sostenibilit\u00e0. Ha insegnato ad intere generazioni ad osservare, a curiosare, a dare il giusto tempo alle cose; lui era cos\u00ec, brillava. Mi ricordo che Achille diceva sempre che, quando si progetta, bisogna pensare all\u2019utente che user\u00e0 la tua creazione, diventando un po\u2019 la parte conclusiva del processo progettuale; lui adorava questo aspetto poetico nel pensare gli spazi o gli oggetti con le persone. Vico Magistretti mi ha insegnato il coraggio, a superare i limiti del progetto e ad osare, anche Thomas Maldonado \u00e8 stato importante per me, da lui ho appreso il metodo e l\u2019approccio critico al progetto e Maddalena De Padova, una donna imprenditrice, coraggiosa e determinata, rara in quegli anni, \u00e8 stata un modello a cui spesso mi sono ispirata. E Piero Lissoni, grazie a lui ho aperto il mio studio. Lui mi diceva \u201cSe hai un criterio, un\u2019opinione, devi provarci\u201d. Tutti loro mi hanno dato la possibilit\u00e0 di crescere moltissimo e da loro ho capito il valore del design ed \u00e8 nata la mia visione del progetto.<\/p>\n<figure id=\"attachment_79601\" aria-describedby=\"caption-attachment-79601\" style=\"width: 1280px\" class=\"wp-caption alignnone\"><img loading=\"lazy\" decoding=\"async\" class=\"size-full wp-image-79601\" src=\"https:\/\/www.area-arch.it\/wp-content\/uploads\/sites\/6\/2019\/11\/Igniv-Restaurant-Badrutt-Palace.1.jpg\" alt=\"\" width=\"1280\" height=\"853\" srcset=\"https:\/\/static.tecnichenuove.it\/areaarch\/2019\/11\/Igniv-Restaurant-Badrutt-Palace.1.jpg 1280w, https:\/\/static.tecnichenuove.it\/areaarch\/2019\/11\/Igniv-Restaurant-Badrutt-Palace.1-150x100.jpg 150w, https:\/\/static.tecnichenuove.it\/areaarch\/2019\/11\/Igniv-Restaurant-Badrutt-Palace.1-300x200.jpg 300w, https:\/\/static.tecnichenuove.it\/areaarch\/2019\/11\/Igniv-Restaurant-Badrutt-Palace.1-768x512.jpg 768w, https:\/\/static.tecnichenuove.it\/areaarch\/2019\/11\/Igniv-Restaurant-Badrutt-Palace.1-1024x682.jpg 1024w, https:\/\/static.tecnichenuove.it\/areaarch\/2019\/11\/Igniv-Restaurant-Badrutt-Palace.1-696x464.jpg 696w, https:\/\/static.tecnichenuove.it\/areaarch\/2019\/11\/Igniv-Restaurant-Badrutt-Palace.1-1068x712.jpg 1068w, https:\/\/static.tecnichenuove.it\/areaarch\/2019\/11\/Igniv-Restaurant-Badrutt-Palace.1-630x420.jpg 630w\" sizes=\"auto, (max-width: 1280px) 100vw, 1280px\" \/><figcaption id=\"caption-attachment-79601\" class=\"wp-caption-text\">@courtesy Patricia Urquiola<\/figcaption><\/figure>\n<p class=\"p1\"><span class=\"s1\"><b>A.B.<\/b><\/span>: Guardando i suoi progetti notiamo quanto sia importante per lei la scelta materica e l\u2019utilizzo del colore. Questi elementi poi spesso interagiscono tra di loro anche grazie allo studio attento della luce \u2013 sia essa naturale o artificiale. Attraverso la luce spesso si riesce a cambiare la percezione dello spazio e creare ambienti intimi e familiari oppure al contrario generare euforia. Come si approccia a questo tema<span class=\"s2\">?<\/span><\/p>\n<p class=\"p1\"><span class=\"s1\"><b>P.U.<\/b><\/span>: Il colore e la materia sono elementi che mi interessano proprio per questa loro possibilit\u00e0 di incontro. \u00c8 il rapporto della materia con la luce a stabilire l\u2019equilibrio e definire il colore. Il punto importante \u00e8 capire come la luce interagisce con gli oggetti, gli ambienti e le architetture ed \u00e8 straordinario vedere come una nuance possa cambiare notevolmente l\u2019aspetto e la percezione di uno stesso oggetto. A volte sono questi due elementi, luce e colore, che definiscono la materia. Uno degli artisti che pi\u00f9 mi ha ispirato \u00e8 Gerard Richter, uno dei maestri pi\u00f9 influenti della nostra generazione. La sua Colour Charts \u00e8 una riflessione sulle combinazioni cromatiche a partire dalle carte colore, uno strumento che noi architetti e designer amiamo: mi ha aiutato a capire quanto il colore sia un elemento fondante del progetto per la sua capacit\u00e0 di liberare la forma nel fare trasposizioni. Allo stesso tempo, l\u2019assenza del colore rappresenta un\u2019altra grammatica espressiva, in certi casi pi\u00f9 intimista.<\/p>\n<figure id=\"attachment_79602\" aria-describedby=\"caption-attachment-79602\" style=\"width: 1280px\" class=\"wp-caption alignnone\"><img loading=\"lazy\" decoding=\"async\" class=\"size-full wp-image-79602\" src=\"https:\/\/www.area-arch.it\/wp-content\/uploads\/sites\/6\/2019\/11\/Igniv-Restaurant-Badrutt-Palace.2.jpg\" alt=\"\" width=\"1280\" height=\"853\" srcset=\"https:\/\/static.tecnichenuove.it\/areaarch\/2019\/11\/Igniv-Restaurant-Badrutt-Palace.2.jpg 1280w, https:\/\/static.tecnichenuove.it\/areaarch\/2019\/11\/Igniv-Restaurant-Badrutt-Palace.2-150x100.jpg 150w, https:\/\/static.tecnichenuove.it\/areaarch\/2019\/11\/Igniv-Restaurant-Badrutt-Palace.2-300x200.jpg 300w, https:\/\/static.tecnichenuove.it\/areaarch\/2019\/11\/Igniv-Restaurant-Badrutt-Palace.2-768x512.jpg 768w, https:\/\/static.tecnichenuove.it\/areaarch\/2019\/11\/Igniv-Restaurant-Badrutt-Palace.2-1024x682.jpg 1024w, https:\/\/static.tecnichenuove.it\/areaarch\/2019\/11\/Igniv-Restaurant-Badrutt-Palace.2-696x464.jpg 696w, https:\/\/static.tecnichenuove.it\/areaarch\/2019\/11\/Igniv-Restaurant-Badrutt-Palace.2-1068x712.jpg 1068w, https:\/\/static.tecnichenuove.it\/areaarch\/2019\/11\/Igniv-Restaurant-Badrutt-Palace.2-630x420.jpg 630w\" sizes=\"auto, (max-width: 1280px) 100vw, 1280px\" \/><figcaption id=\"caption-attachment-79602\" class=\"wp-caption-text\">@courtesy Patricia Urquiola<\/figcaption><\/figure>\n<p class=\"p1\"><span class=\"s1\"><b>A.B.<\/b><\/span>: Sostenibilit\u00e0. Un tema sempre pi\u00f9 presente nelle nostre vite a causa dei repentini cambiamenti climatici che stiamo subendo e che derivano da scelte industriali, economiche e politiche scellerate. Tutti siamo protagonisti di questo cambiamento e risulta necessario una rivoluzione nelle nostre abitudini di vita. Questo vale anche per il progettista sia esso architetto o designer. Qual \u00e8 la sua opinone su questo tema<span class=\"s2\">?<\/span><\/p>\n<p class=\"p1\"><span class=\"s1\"><b>P.U.<\/b><\/span>: La nostra professione \u00e8 molto vicina all\u2019evoluzione della societ\u00e0 e quindi il tema della sostenibilit\u00e0 per me \u00e8 molto importante. Noi designer e architetti abbiamo una grande responsabilit\u00e0 ed \u00e8 nostro dovere ripensare tutto in questi termini, riflettere su come usiamo le risorse, l\u2019energia, l\u2019acqua\u2026 Minimizzare i consumi, lo spreco del cibo e dell\u2019acqua, razionalizzare la preparazione e lo smaltimento.<\/p>\n<p class=\"p1\"><span class=\"s1\"><b>A.B.<\/b><\/span>: Qual \u00e8 il suo approccio alla progettazione di spazi legati al cibo ed alla ristorazione<span class=\"s2\">?<\/span><\/p>\n<p class=\"p1\"><span class=\"s1\"><b>P.U.<\/b><\/span>: I miei progetti nascono sempre dal dialogo e dallo scambio di idee, cerco sempre di entrare in empatia con i clienti, caratteristica che mi permette di intercettare i loro desideri ed esigenze. Proprio dall\u2019incontro fra le necessit\u00e0 legate allo spazio e alla sua funzione con i vincoli della progettazione e l\u2019empatia con il committente e con chi vivr\u00e0 lo spazio nasce il concept creativo. Inoltre \u00e8 importante tener presente le caratteristiche del luogo a cui appartiene questo spazio: ad esempio, nel caso del ristorante Igniv del Badrutt\u2019s Palace Hotel (St.Moritz) il vincolo era rappresentato dallo spazio esistente, gi\u00e0 particolarmente connotato. In questo caso la sfida \u00e8 stata trovare un\u2019identit\u00e0 nuova per il ristorante che rispettasse tuttavia la storicit\u00e0 del luogo. Colore, materia e luce diventato strumenti e protagonisti del progetto architettonico. Nella progettazione \u00e8 la luce a connotare lo spazio, mentre il colore mette l\u2019accento sulla percezione dell\u2019architettura che \u00e8 gi\u00e0 raccontata dalla materia.<\/p>\n<figure id=\"attachment_79603\" aria-describedby=\"caption-attachment-79603\" style=\"width: 1280px\" class=\"wp-caption alignnone\"><img loading=\"lazy\" decoding=\"async\" class=\"size-full wp-image-79603\" src=\"https:\/\/www.area-arch.it\/wp-content\/uploads\/sites\/6\/2019\/11\/Igniv-Restaurant-Badrutt-Palace.4.jpg\" alt=\"\" width=\"1280\" height=\"853\" srcset=\"https:\/\/static.tecnichenuove.it\/areaarch\/2019\/11\/Igniv-Restaurant-Badrutt-Palace.4.jpg 1280w, https:\/\/static.tecnichenuove.it\/areaarch\/2019\/11\/Igniv-Restaurant-Badrutt-Palace.4-150x100.jpg 150w, https:\/\/static.tecnichenuove.it\/areaarch\/2019\/11\/Igniv-Restaurant-Badrutt-Palace.4-300x200.jpg 300w, https:\/\/static.tecnichenuove.it\/areaarch\/2019\/11\/Igniv-Restaurant-Badrutt-Palace.4-768x512.jpg 768w, https:\/\/static.tecnichenuove.it\/areaarch\/2019\/11\/Igniv-Restaurant-Badrutt-Palace.4-1024x682.jpg 1024w, https:\/\/static.tecnichenuove.it\/areaarch\/2019\/11\/Igniv-Restaurant-Badrutt-Palace.4-696x464.jpg 696w, https:\/\/static.tecnichenuove.it\/areaarch\/2019\/11\/Igniv-Restaurant-Badrutt-Palace.4-1068x712.jpg 1068w, https:\/\/static.tecnichenuove.it\/areaarch\/2019\/11\/Igniv-Restaurant-Badrutt-Palace.4-630x420.jpg 630w\" sizes=\"auto, (max-width: 1280px) 100vw, 1280px\" \/><figcaption id=\"caption-attachment-79603\" class=\"wp-caption-text\">@courtesy Patricia Urquiola<\/figcaption><\/figure>\n","protected":false},"excerpt":{"rendered":"<p>Andrea Benelli: Assistente di Castiglioni ed Eugenio Bettinelli al Politecnico e all\u2019ENSCI di Parigi, collaboratrice con De Padova al fianco di Vico Magistretti, ha coordinato il Gruppo design dello studio Piero Lissoni. Come questi personaggi hanno influenzato il suo approccio progettuale? Patricia Urquiola: Ho avuto la fortuna di incontrare grandi maestri e grandi personalit\u00e0 che<\/p>\n","protected":false},"author":36661,"featured_media":79605,"comment_status":"open","ping_status":"closed","sticky":false,"template":"","format":"standard","meta":{"footnotes":""},"categories":[52],"tags":[16097,12366,17856,180],"class_list":["post-79600","post","type-post","status-publish","format-standard","has-post-thumbnail","hentry","category-architecture","tag-intervista","tag-light","tag-matter","tag-patricia-urquiola"],"yoast_head":"<!-- This site is optimized with the Yoast SEO plugin v27.5 - https:\/\/yoast.com\/product\/yoast-seo-wordpress\/ -->\n<title>Un dialogo con Patricia Urquiola: Materia, Luce, Colore | Area<\/title>\n<meta name=\"description\" content=\"Andrea Benelli: Assistente di Castiglioni ed Eugenio Bettinelli al Politecnico e all\u2019ENSCI di Parigi, collaboratrice con De Padova al fianco di Vico\" \/>\n<meta name=\"robots\" content=\"index, follow, max-snippet:-1, max-image-preview:large, max-video-preview:-1\" \/>\n<link rel=\"canonical\" href=\"https:\/\/www.area-arch.it\/en\/un-dialogo-con-patricia-urquiola-materia-luce-colore\/\" \/>\n<meta property=\"og:locale\" content=\"en_US\" \/>\n<meta property=\"og:type\" content=\"article\" \/>\n<meta property=\"og:title\" content=\"Un dialogo con Patricia Urquiola: Materia, Luce, Colore | Area\" \/>\n<meta property=\"og:description\" content=\"Andrea Benelli: Assistente di Castiglioni ed Eugenio Bettinelli al Politecnico e all\u2019ENSCI di Parigi, collaboratrice con De Padova al fianco di Vico\" \/>\n<meta property=\"og:url\" content=\"https:\/\/www.area-arch.it\/en\/un-dialogo-con-patricia-urquiola-materia-luce-colore\/\" \/>\n<meta property=\"og:site_name\" content=\"Area\" \/>\n<meta property=\"article:publisher\" content=\"https:\/\/www.facebook.com\/Area.Arch\" \/>\n<meta property=\"article:published_time\" content=\"2019-11-27T14:00:03+00:00\" \/>\n<meta property=\"article:modified_time\" content=\"2019-11-27T14:18:40+00:00\" \/>\n<meta property=\"og:image\" content=\"https:\/\/static.tecnichenuove.it\/areaarch\/2019\/11\/DSC_1801X-copia.jpg\" \/>\n\t<meta property=\"og:image:width\" content=\"1280\" \/>\n\t<meta property=\"og:image:height\" content=\"944\" \/>\n\t<meta property=\"og:image:type\" content=\"image\/jpeg\" \/>\n<meta name=\"author\" content=\"Andrea Benelli\" \/>\n<meta name=\"twitter:label1\" content=\"Written by\" \/>\n\t<meta name=\"twitter:data1\" content=\"Andrea Benelli\" \/>\n\t<meta name=\"twitter:label2\" content=\"Est. reading time\" \/>\n\t<meta name=\"twitter:data2\" content=\"4 minutes\" \/>\n<script type=\"application\/ld+json\" class=\"yoast-schema-graph\">{\"@context\":\"https:\\\/\\\/schema.org\",\"@graph\":[{\"@type\":\"Article\",\"@id\":\"https:\\\/\\\/www.area-arch.it\\\/en\\\/un-dialogo-con-patricia-urquiola-materia-luce-colore\\\/#article\",\"isPartOf\":{\"@id\":\"https:\\\/\\\/www.area-arch.it\\\/en\\\/un-dialogo-con-patricia-urquiola-materia-luce-colore\\\/\"},\"author\":{\"name\":\"Andrea Benelli\",\"@id\":\"https:\\\/\\\/www.area-arch.it\\\/en\\\/#\\\/schema\\\/person\\\/1ef8c82c94d5ab5ac40001e553565903\"},\"headline\":\"Un dialogo con Patricia Urquiola: Materia, Luce, Colore\",\"datePublished\":\"2019-11-27T14:00:03+00:00\",\"dateModified\":\"2019-11-27T14:18:40+00:00\",\"mainEntityOfPage\":{\"@id\":\"https:\\\/\\\/www.area-arch.it\\\/en\\\/un-dialogo-con-patricia-urquiola-materia-luce-colore\\\/\"},\"wordCount\":816,\"commentCount\":0,\"image\":{\"@id\":\"https:\\\/\\\/www.area-arch.it\\\/en\\\/un-dialogo-con-patricia-urquiola-materia-luce-colore\\\/#primaryimage\"},\"thumbnailUrl\":\"https:\\\/\\\/static.tecnichenuove.it\\\/areaarch\\\/2019\\\/11\\\/DSC_1801X-copia.jpg\",\"keywords\":[\"intervista\",\"Light\",\"matter\",\"Patricia Urquiola\"],\"articleSection\":[\"Architecture\"],\"inLanguage\":\"en-US\",\"potentialAction\":[{\"@type\":\"CommentAction\",\"name\":\"Comment\",\"target\":[\"https:\\\/\\\/www.area-arch.it\\\/en\\\/un-dialogo-con-patricia-urquiola-materia-luce-colore\\\/#respond\"]}]},{\"@type\":\"WebPage\",\"@id\":\"https:\\\/\\\/www.area-arch.it\\\/en\\\/un-dialogo-con-patricia-urquiola-materia-luce-colore\\\/\",\"url\":\"https:\\\/\\\/www.area-arch.it\\\/en\\\/un-dialogo-con-patricia-urquiola-materia-luce-colore\\\/\",\"name\":\"Un dialogo con Patricia Urquiola: Materia, Luce, Colore | Area\",\"isPartOf\":{\"@id\":\"https:\\\/\\\/www.area-arch.it\\\/en\\\/#website\"},\"primaryImageOfPage\":{\"@id\":\"https:\\\/\\\/www.area-arch.it\\\/en\\\/un-dialogo-con-patricia-urquiola-materia-luce-colore\\\/#primaryimage\"},\"image\":{\"@id\":\"https:\\\/\\\/www.area-arch.it\\\/en\\\/un-dialogo-con-patricia-urquiola-materia-luce-colore\\\/#primaryimage\"},\"thumbnailUrl\":\"https:\\\/\\\/static.tecnichenuove.it\\\/areaarch\\\/2019\\\/11\\\/DSC_1801X-copia.jpg\",\"datePublished\":\"2019-11-27T14:00:03+00:00\",\"dateModified\":\"2019-11-27T14:18:40+00:00\",\"author\":{\"@id\":\"https:\\\/\\\/www.area-arch.it\\\/en\\\/#\\\/schema\\\/person\\\/1ef8c82c94d5ab5ac40001e553565903\"},\"description\":\"Andrea Benelli: Assistente di Castiglioni ed Eugenio Bettinelli al Politecnico e all\u2019ENSCI di Parigi, collaboratrice con De Padova al fianco di Vico\",\"breadcrumb\":{\"@id\":\"https:\\\/\\\/www.area-arch.it\\\/en\\\/un-dialogo-con-patricia-urquiola-materia-luce-colore\\\/#breadcrumb\"},\"inLanguage\":\"en-US\",\"potentialAction\":[{\"@type\":\"ReadAction\",\"target\":[\"https:\\\/\\\/www.area-arch.it\\\/en\\\/un-dialogo-con-patricia-urquiola-materia-luce-colore\\\/\"]}]},{\"@type\":\"ImageObject\",\"inLanguage\":\"en-US\",\"@id\":\"https:\\\/\\\/www.area-arch.it\\\/en\\\/un-dialogo-con-patricia-urquiola-materia-luce-colore\\\/#primaryimage\",\"url\":\"https:\\\/\\\/static.tecnichenuove.it\\\/areaarch\\\/2019\\\/11\\\/DSC_1801X-copia.jpg\",\"contentUrl\":\"https:\\\/\\\/static.tecnichenuove.it\\\/areaarch\\\/2019\\\/11\\\/DSC_1801X-copia.jpg\",\"width\":1280,\"height\":944},{\"@type\":\"BreadcrumbList\",\"@id\":\"https:\\\/\\\/www.area-arch.it\\\/en\\\/un-dialogo-con-patricia-urquiola-materia-luce-colore\\\/#breadcrumb\",\"itemListElement\":[{\"@type\":\"ListItem\",\"position\":1,\"name\":\"Home\",\"item\":\"https:\\\/\\\/www.area-arch.it\\\/en\\\/homepage-24\\\/\"},{\"@type\":\"ListItem\",\"position\":2,\"name\":\"Architecture\",\"item\":\"https:\\\/\\\/www.area-arch.it\\\/en\\\/category\\\/architecture\\\/\"},{\"@type\":\"ListItem\",\"position\":3,\"name\":\"Un dialogo con Patricia Urquiola: Materia, Luce, Colore\"}]},{\"@type\":\"WebSite\",\"@id\":\"https:\\\/\\\/www.area-arch.it\\\/en\\\/#website\",\"url\":\"https:\\\/\\\/www.area-arch.it\\\/en\\\/\",\"name\":\"Area\",\"description\":\"rivista di architettura e arti del progetto\",\"potentialAction\":[{\"@type\":\"SearchAction\",\"target\":{\"@type\":\"EntryPoint\",\"urlTemplate\":\"https:\\\/\\\/www.area-arch.it\\\/en\\\/?s={search_term_string}\"},\"query-input\":{\"@type\":\"PropertyValueSpecification\",\"valueRequired\":true,\"valueName\":\"search_term_string\"}}],\"inLanguage\":\"en-US\"},{\"@type\":\"Person\",\"@id\":\"https:\\\/\\\/www.area-arch.it\\\/en\\\/#\\\/schema\\\/person\\\/1ef8c82c94d5ab5ac40001e553565903\",\"name\":\"Andrea Benelli\",\"image\":{\"@type\":\"ImageObject\",\"inLanguage\":\"en-US\",\"@id\":\"https:\\\/\\\/secure.gravatar.com\\\/avatar\\\/32f7cac264e265b8a7e4e6bfa6eb6902915ae005eb23d8d48b9a55ab69620fa6?s=96&d=mm&r=g\",\"url\":\"https:\\\/\\\/secure.gravatar.com\\\/avatar\\\/32f7cac264e265b8a7e4e6bfa6eb6902915ae005eb23d8d48b9a55ab69620fa6?s=96&d=mm&r=g\",\"contentUrl\":\"https:\\\/\\\/secure.gravatar.com\\\/avatar\\\/32f7cac264e265b8a7e4e6bfa6eb6902915ae005eb23d8d48b9a55ab69620fa6?s=96&d=mm&r=g\",\"caption\":\"Andrea Benelli\"},\"url\":\"https:\\\/\\\/www.area-arch.it\\\/en\\\/author\\\/abenelli\\\/\"}]}<\/script>\n<!-- \/ Yoast SEO plugin. -->","yoast_head_json":{"title":"Un dialogo con Patricia Urquiola: Materia, Luce, Colore | Area","description":"Andrea Benelli: Assistente di Castiglioni ed Eugenio Bettinelli al Politecnico e all\u2019ENSCI di Parigi, collaboratrice con De Padova al fianco di Vico","robots":{"index":"index","follow":"follow","max-snippet":"max-snippet:-1","max-image-preview":"max-image-preview:large","max-video-preview":"max-video-preview:-1"},"canonical":"https:\/\/www.area-arch.it\/en\/un-dialogo-con-patricia-urquiola-materia-luce-colore\/","og_locale":"en_US","og_type":"article","og_title":"Un dialogo con Patricia Urquiola: Materia, Luce, Colore | Area","og_description":"Andrea Benelli: Assistente di Castiglioni ed Eugenio Bettinelli al Politecnico e all\u2019ENSCI di Parigi, collaboratrice con De Padova al fianco di Vico","og_url":"https:\/\/www.area-arch.it\/en\/un-dialogo-con-patricia-urquiola-materia-luce-colore\/","og_site_name":"Area","article_publisher":"https:\/\/www.facebook.com\/Area.Arch","article_published_time":"2019-11-27T14:00:03+00:00","article_modified_time":"2019-11-27T14:18:40+00:00","og_image":[{"width":1280,"height":944,"url":"https:\/\/static.tecnichenuove.it\/areaarch\/2019\/11\/DSC_1801X-copia.jpg","type":"image\/jpeg"}],"author":"Andrea Benelli","twitter_misc":{"Written by":"Andrea Benelli","Est. reading time":"4 minutes"},"schema":{"@context":"https:\/\/schema.org","@graph":[{"@type":"Article","@id":"https:\/\/www.area-arch.it\/en\/un-dialogo-con-patricia-urquiola-materia-luce-colore\/#article","isPartOf":{"@id":"https:\/\/www.area-arch.it\/en\/un-dialogo-con-patricia-urquiola-materia-luce-colore\/"},"author":{"name":"Andrea Benelli","@id":"https:\/\/www.area-arch.it\/en\/#\/schema\/person\/1ef8c82c94d5ab5ac40001e553565903"},"headline":"Un dialogo con Patricia Urquiola: Materia, Luce, Colore","datePublished":"2019-11-27T14:00:03+00:00","dateModified":"2019-11-27T14:18:40+00:00","mainEntityOfPage":{"@id":"https:\/\/www.area-arch.it\/en\/un-dialogo-con-patricia-urquiola-materia-luce-colore\/"},"wordCount":816,"commentCount":0,"image":{"@id":"https:\/\/www.area-arch.it\/en\/un-dialogo-con-patricia-urquiola-materia-luce-colore\/#primaryimage"},"thumbnailUrl":"https:\/\/static.tecnichenuove.it\/areaarch\/2019\/11\/DSC_1801X-copia.jpg","keywords":["intervista","Light","matter","Patricia Urquiola"],"articleSection":["Architecture"],"inLanguage":"en-US","potentialAction":[{"@type":"CommentAction","name":"Comment","target":["https:\/\/www.area-arch.it\/en\/un-dialogo-con-patricia-urquiola-materia-luce-colore\/#respond"]}]},{"@type":"WebPage","@id":"https:\/\/www.area-arch.it\/en\/un-dialogo-con-patricia-urquiola-materia-luce-colore\/","url":"https:\/\/www.area-arch.it\/en\/un-dialogo-con-patricia-urquiola-materia-luce-colore\/","name":"Un dialogo con Patricia Urquiola: Materia, Luce, Colore | Area","isPartOf":{"@id":"https:\/\/www.area-arch.it\/en\/#website"},"primaryImageOfPage":{"@id":"https:\/\/www.area-arch.it\/en\/un-dialogo-con-patricia-urquiola-materia-luce-colore\/#primaryimage"},"image":{"@id":"https:\/\/www.area-arch.it\/en\/un-dialogo-con-patricia-urquiola-materia-luce-colore\/#primaryimage"},"thumbnailUrl":"https:\/\/static.tecnichenuove.it\/areaarch\/2019\/11\/DSC_1801X-copia.jpg","datePublished":"2019-11-27T14:00:03+00:00","dateModified":"2019-11-27T14:18:40+00:00","author":{"@id":"https:\/\/www.area-arch.it\/en\/#\/schema\/person\/1ef8c82c94d5ab5ac40001e553565903"},"description":"Andrea Benelli: Assistente di Castiglioni ed Eugenio Bettinelli al Politecnico e all\u2019ENSCI di Parigi, collaboratrice con De Padova al fianco di Vico","breadcrumb":{"@id":"https:\/\/www.area-arch.it\/en\/un-dialogo-con-patricia-urquiola-materia-luce-colore\/#breadcrumb"},"inLanguage":"en-US","potentialAction":[{"@type":"ReadAction","target":["https:\/\/www.area-arch.it\/en\/un-dialogo-con-patricia-urquiola-materia-luce-colore\/"]}]},{"@type":"ImageObject","inLanguage":"en-US","@id":"https:\/\/www.area-arch.it\/en\/un-dialogo-con-patricia-urquiola-materia-luce-colore\/#primaryimage","url":"https:\/\/static.tecnichenuove.it\/areaarch\/2019\/11\/DSC_1801X-copia.jpg","contentUrl":"https:\/\/static.tecnichenuove.it\/areaarch\/2019\/11\/DSC_1801X-copia.jpg","width":1280,"height":944},{"@type":"BreadcrumbList","@id":"https:\/\/www.area-arch.it\/en\/un-dialogo-con-patricia-urquiola-materia-luce-colore\/#breadcrumb","itemListElement":[{"@type":"ListItem","position":1,"name":"Home","item":"https:\/\/www.area-arch.it\/en\/homepage-24\/"},{"@type":"ListItem","position":2,"name":"Architecture","item":"https:\/\/www.area-arch.it\/en\/category\/architecture\/"},{"@type":"ListItem","position":3,"name":"Un dialogo con Patricia Urquiola: Materia, Luce, Colore"}]},{"@type":"WebSite","@id":"https:\/\/www.area-arch.it\/en\/#website","url":"https:\/\/www.area-arch.it\/en\/","name":"Area","description":"rivista di architettura e arti del progetto","potentialAction":[{"@type":"SearchAction","target":{"@type":"EntryPoint","urlTemplate":"https:\/\/www.area-arch.it\/en\/?s={search_term_string}"},"query-input":{"@type":"PropertyValueSpecification","valueRequired":true,"valueName":"search_term_string"}}],"inLanguage":"en-US"},{"@type":"Person","@id":"https:\/\/www.area-arch.it\/en\/#\/schema\/person\/1ef8c82c94d5ab5ac40001e553565903","name":"Andrea Benelli","image":{"@type":"ImageObject","inLanguage":"en-US","@id":"https:\/\/secure.gravatar.com\/avatar\/32f7cac264e265b8a7e4e6bfa6eb6902915ae005eb23d8d48b9a55ab69620fa6?s=96&d=mm&r=g","url":"https:\/\/secure.gravatar.com\/avatar\/32f7cac264e265b8a7e4e6bfa6eb6902915ae005eb23d8d48b9a55ab69620fa6?s=96&d=mm&r=g","contentUrl":"https:\/\/secure.gravatar.com\/avatar\/32f7cac264e265b8a7e4e6bfa6eb6902915ae005eb23d8d48b9a55ab69620fa6?s=96&d=mm&r=g","caption":"Andrea Benelli"},"url":"https:\/\/www.area-arch.it\/en\/author\/abenelli\/"}]}},"_links":{"self":[{"href":"https:\/\/www.area-arch.it\/en\/wp-json\/wp\/v2\/posts\/79600","targetHints":{"allow":["GET"]}}],"collection":[{"href":"https:\/\/www.area-arch.it\/en\/wp-json\/wp\/v2\/posts"}],"about":[{"href":"https:\/\/www.area-arch.it\/en\/wp-json\/wp\/v2\/types\/post"}],"author":[{"embeddable":true,"href":"https:\/\/www.area-arch.it\/en\/wp-json\/wp\/v2\/users\/36661"}],"replies":[{"embeddable":true,"href":"https:\/\/www.area-arch.it\/en\/wp-json\/wp\/v2\/comments?post=79600"}],"version-history":[{"count":1,"href":"https:\/\/www.area-arch.it\/en\/wp-json\/wp\/v2\/posts\/79600\/revisions"}],"predecessor-version":[{"id":79606,"href":"https:\/\/www.area-arch.it\/en\/wp-json\/wp\/v2\/posts\/79600\/revisions\/79606"}],"wp:featuredmedia":[{"embeddable":true,"href":"https:\/\/www.area-arch.it\/en\/wp-json\/wp\/v2\/media\/79605"}],"wp:attachment":[{"href":"https:\/\/www.area-arch.it\/en\/wp-json\/wp\/v2\/media?parent=79600"}],"wp:term":[{"taxonomy":"category","embeddable":true,"href":"https:\/\/www.area-arch.it\/en\/wp-json\/wp\/v2\/categories?post=79600"},{"taxonomy":"post_tag","embeddable":true,"href":"https:\/\/www.area-arch.it\/en\/wp-json\/wp\/v2\/tags?post=79600"}],"curies":[{"name":"wp","href":"https:\/\/api.w.org\/{rel}","templated":true}]}}