{"id":21397,"date":"2016-01-05T17:42:20","date_gmt":"2016-01-05T16:42:20","guid":{"rendered":"http:\/\/www.area-arch.it\/the-nolli-gardens-2\/"},"modified":"2016-08-30T11:09:31","modified_gmt":"2016-08-30T09:09:31","slug":"the-nolli-gardens","status":"publish","type":"post","link":"https:\/\/www.area-arch.it\/en\/the-nolli-gardens\/","title":{"rendered":"The Nolli Gardens"},"content":{"rendered":"<p>The project includes a new urban plan and addition of two mix-use housing blocks for a part of the modernistic neighbourhood called Kortephohja in Jyv\u00e4skyl\u00e4, a medium-sized town centrally located in Finland.<\/p>\n<figure id=\"attachment_21383\" aria-describedby=\"caption-attachment-21383\" style=\"width: 1200px\" class=\"wp-caption alignnone\"><a href=\"http:\/\/www.area-arch.it\/wp-content\/uploads\/sites\/6\/2016\/01\/2-3.jpg\" rel=\"attachment wp-att-21383\"><img loading=\"lazy\" decoding=\"async\" class=\"size-full wp-image-21383\" src=\"http:\/\/www.area-arch.it\/wp-content\/uploads\/sites\/6\/2016\/01\/2-3.jpg\" alt=\"location\" width=\"1200\" height=\"800\" srcset=\"https:\/\/static.tecnichenuove.it\/areaarch\/2016\/01\/2-3.jpg 1200w, https:\/\/static.tecnichenuove.it\/areaarch\/2016\/01\/2-3-150x100.jpg 150w, https:\/\/static.tecnichenuove.it\/areaarch\/2016\/01\/2-3-300x200.jpg 300w, https:\/\/static.tecnichenuove.it\/areaarch\/2016\/01\/2-3-768x512.jpg 768w, https:\/\/static.tecnichenuove.it\/areaarch\/2016\/01\/2-3-1024x683.jpg 1024w, https:\/\/static.tecnichenuove.it\/areaarch\/2016\/01\/2-3-696x464.jpg 696w, https:\/\/static.tecnichenuove.it\/areaarch\/2016\/01\/2-3-1068x712.jpg 1068w, https:\/\/static.tecnichenuove.it\/areaarch\/2016\/01\/2-3-630x420.jpg 630w\" sizes=\"auto, (max-width: 1200px) 100vw, 1200px\" \/><\/a><figcaption id=\"caption-attachment-21383\" class=\"wp-caption-text\">location<\/figcaption><\/figure>\n<p>The challenge of the project is how to create an attractive local centre whereby the physical buildings themselves form the catalyst for the social integration. Whereby communities become self-reliant and self-organising and whereby buildings form small villages in a network that we call the city. The architects,\u00a0<strong><a href=\"http:\/\/www.jarrikouburg.com\/\" target=\"_blank\">OJO<\/a>, Freyke Hartemink (<a href=\"http:\/\/www.freyh.nl\/\" target=\"_blank\">FreyH Studio<\/a>) <\/strong>and<strong> Maciej Abramczyk<\/strong> propose to invert the classic modernistic scheme of the original urban scheme. It is the public space that shapes the buildings instead of the other way around. In 1784 Giambattista Nolli drew a map of the city of Rome that was revealing. Normally plans showed the built and the unbuilt space, the private and the public. Nolli presented the enclosed public spaces, such as the interior of the Pantheon, as open civic spaces. For a community, these open and shared spaces exactly offer inhabitants a mutable appropriation. The project is composed by two blocks: a student house and an elderly house. The student building will replace a previous Student Village, by one 4-5 story building enclosing a communal square. On every level the communal corridor is interrupted by the shared \u2018Nolli Gardens\u2019, breaking the long vista, and adding surprise and social interaction to the common space. These spaces are programmed with a collective dining room with kitchen, winter garden, lounge area, library, sauna etc. The building for the elderly is a 3 story building that encloses a square on which a new supermarket and restaurant will be located. This ensemble will create the central block for the neighbourhood. All the apartments have a double orientation, facing both the street and the communal space that doubles as the access to the apartments.<\/p>\n<div id='gallery-1' class='gallery galleryid-21397 gallery-columns-3 gallery-size-thumbnail'><figure class='gallery-item'>\n\t\t\t<div class='gallery-icon landscape'>\n\t\t\t\t<a href='https:\/\/www.area-arch.it\/en\/the-nolli-gardens\/1-78\/'><img loading=\"lazy\" decoding=\"async\" width=\"150\" height=\"100\" src=\"https:\/\/static.tecnichenuove.it\/areaarch\/2016\/01\/1-4-150x100.jpg\" class=\"attachment-thumbnail size-thumbnail\" alt=\"\" aria-describedby=\"gallery-1-21382\" srcset=\"https:\/\/static.tecnichenuove.it\/areaarch\/2016\/01\/1-4-150x100.jpg 150w, https:\/\/static.tecnichenuove.it\/areaarch\/2016\/01\/1-4-300x200.jpg 300w, https:\/\/static.tecnichenuove.it\/areaarch\/2016\/01\/1-4-768x512.jpg 768w, https:\/\/static.tecnichenuove.it\/areaarch\/2016\/01\/1-4-1024x683.jpg 1024w, https:\/\/static.tecnichenuove.it\/areaarch\/2016\/01\/1-4-696x464.jpg 696w, https:\/\/static.tecnichenuove.it\/areaarch\/2016\/01\/1-4-1068x712.jpg 1068w, https:\/\/static.tecnichenuove.it\/areaarch\/2016\/01\/1-4-630x420.jpg 630w, https:\/\/static.tecnichenuove.it\/areaarch\/2016\/01\/1-4.jpg 1200w\" sizes=\"auto, (max-width: 150px) 100vw, 150px\" \/><\/a>\n\t\t\t<\/div>\n\t\t\t\t<figcaption class='wp-caption-text gallery-caption' id='gallery-1-21382'>\n\t\t\t\tNolli gardens\n\t\t\t\t<\/figcaption><\/figure><figure class='gallery-item'>\n\t\t\t<div class='gallery-icon landscape'>\n\t\t\t\t<a href='https:\/\/www.area-arch.it\/en\/the-nolli-gardens\/3-65\/'><img loading=\"lazy\" decoding=\"async\" width=\"150\" height=\"100\" src=\"https:\/\/static.tecnichenuove.it\/areaarch\/2016\/01\/3-3-150x100.jpg\" class=\"attachment-thumbnail size-thumbnail\" alt=\"\" aria-describedby=\"gallery-1-21384\" srcset=\"https:\/\/static.tecnichenuove.it\/areaarch\/2016\/01\/3-3-150x100.jpg 150w, https:\/\/static.tecnichenuove.it\/areaarch\/2016\/01\/3-3-300x200.jpg 300w, https:\/\/static.tecnichenuove.it\/areaarch\/2016\/01\/3-3-768x512.jpg 768w, https:\/\/static.tecnichenuove.it\/areaarch\/2016\/01\/3-3-1024x683.jpg 1024w, https:\/\/static.tecnichenuove.it\/areaarch\/2016\/01\/3-3-696x464.jpg 696w, https:\/\/static.tecnichenuove.it\/areaarch\/2016\/01\/3-3-1068x712.jpg 1068w, https:\/\/static.tecnichenuove.it\/areaarch\/2016\/01\/3-3-630x420.jpg 630w, https:\/\/static.tecnichenuove.it\/areaarch\/2016\/01\/3-3.jpg 1200w\" sizes=\"auto, (max-width: 150px) 100vw, 150px\" \/><\/a>\n\t\t\t<\/div>\n\t\t\t\t<figcaption class='wp-caption-text gallery-caption' id='gallery-1-21384'>\n\t\t\t\tinverting modernism\n\t\t\t\t<\/figcaption><\/figure><figure class='gallery-item'>\n\t\t\t<div class='gallery-icon landscape'>\n\t\t\t\t<a href='https:\/\/www.area-arch.it\/en\/the-nolli-gardens\/4-62\/'><img loading=\"lazy\" decoding=\"async\" width=\"150\" height=\"100\" src=\"https:\/\/static.tecnichenuove.it\/areaarch\/2016\/01\/4-3-150x100.jpg\" class=\"attachment-thumbnail size-thumbnail\" alt=\"\" aria-describedby=\"gallery-1-21385\" srcset=\"https:\/\/static.tecnichenuove.it\/areaarch\/2016\/01\/4-3-150x100.jpg 150w, https:\/\/static.tecnichenuove.it\/areaarch\/2016\/01\/4-3-300x200.jpg 300w, https:\/\/static.tecnichenuove.it\/areaarch\/2016\/01\/4-3-768x512.jpg 768w, https:\/\/static.tecnichenuove.it\/areaarch\/2016\/01\/4-3-1024x683.jpg 1024w, https:\/\/static.tecnichenuove.it\/areaarch\/2016\/01\/4-3-696x464.jpg 696w, https:\/\/static.tecnichenuove.it\/areaarch\/2016\/01\/4-3-1068x712.jpg 1068w, https:\/\/static.tecnichenuove.it\/areaarch\/2016\/01\/4-3-630x420.jpg 630w, https:\/\/static.tecnichenuove.it\/areaarch\/2016\/01\/4-3.jpg 1200w\" sizes=\"auto, (max-width: 150px) 100vw, 150px\" \/><\/a>\n\t\t\t<\/div>\n\t\t\t\t<figcaption class='wp-caption-text gallery-caption' id='gallery-1-21385'>\n\t\t\t\tstudent housing\n\t\t\t\t<\/figcaption><\/figure><figure class='gallery-item'>\n\t\t\t<div class='gallery-icon portrait'>\n\t\t\t\t<a href='https:\/\/www.area-arch.it\/en\/the-nolli-gardens\/10-18\/'><img loading=\"lazy\" decoding=\"async\" width=\"150\" height=\"100\" src=\"https:\/\/static.tecnichenuove.it\/areaarch\/2016\/01\/10-2-150x100.jpg\" class=\"attachment-thumbnail size-thumbnail\" alt=\"\" aria-describedby=\"gallery-1-21391\" \/><\/a>\n\t\t\t<\/div>\n\t\t\t\t<figcaption class='wp-caption-text gallery-caption' id='gallery-1-21391'>\n\t\t\t\tfloor plan student housing\n\t\t\t\t<\/figcaption><\/figure><figure class='gallery-item'>\n\t\t\t<div class='gallery-icon landscape'>\n\t\t\t\t<a href='https:\/\/www.area-arch.it\/en\/the-nolli-gardens\/11-21\/'><img loading=\"lazy\" decoding=\"async\" width=\"150\" height=\"100\" src=\"https:\/\/static.tecnichenuove.it\/areaarch\/2016\/01\/11-2-150x100.jpg\" class=\"attachment-thumbnail size-thumbnail\" alt=\"\" aria-describedby=\"gallery-1-21392\" srcset=\"https:\/\/static.tecnichenuove.it\/areaarch\/2016\/01\/11-2-150x100.jpg 150w, https:\/\/static.tecnichenuove.it\/areaarch\/2016\/01\/11-2-300x200.jpg 300w, https:\/\/static.tecnichenuove.it\/areaarch\/2016\/01\/11-2-768x512.jpg 768w, https:\/\/static.tecnichenuove.it\/areaarch\/2016\/01\/11-2-1024x683.jpg 1024w, https:\/\/static.tecnichenuove.it\/areaarch\/2016\/01\/11-2-696x464.jpg 696w, https:\/\/static.tecnichenuove.it\/areaarch\/2016\/01\/11-2-1068x712.jpg 1068w, https:\/\/static.tecnichenuove.it\/areaarch\/2016\/01\/11-2-630x420.jpg 630w, https:\/\/static.tecnichenuove.it\/areaarch\/2016\/01\/11-2.jpg 1200w\" sizes=\"auto, (max-width: 150px) 100vw, 150px\" \/><\/a>\n\t\t\t<\/div>\n\t\t\t\t<figcaption class='wp-caption-text gallery-caption' id='gallery-1-21392'>\n\t\t\t\tsection student housing\n\t\t\t\t<\/figcaption><\/figure><figure class='gallery-item'>\n\t\t\t<div class='gallery-icon landscape'>\n\t\t\t\t<a href='https:\/\/www.area-arch.it\/en\/the-nolli-gardens\/6-36\/'><img loading=\"lazy\" decoding=\"async\" width=\"150\" height=\"100\" src=\"https:\/\/static.tecnichenuove.it\/areaarch\/2016\/01\/6-2-150x100.jpg\" class=\"attachment-thumbnail size-thumbnail\" alt=\"\" aria-describedby=\"gallery-1-21387\" srcset=\"https:\/\/static.tecnichenuove.it\/areaarch\/2016\/01\/6-2-150x100.jpg 150w, https:\/\/static.tecnichenuove.it\/areaarch\/2016\/01\/6-2-300x200.jpg 300w, https:\/\/static.tecnichenuove.it\/areaarch\/2016\/01\/6-2-768x512.jpg 768w, https:\/\/static.tecnichenuove.it\/areaarch\/2016\/01\/6-2-1024x683.jpg 1024w, https:\/\/static.tecnichenuove.it\/areaarch\/2016\/01\/6-2-696x464.jpg 696w, https:\/\/static.tecnichenuove.it\/areaarch\/2016\/01\/6-2-1068x712.jpg 1068w, https:\/\/static.tecnichenuove.it\/areaarch\/2016\/01\/6-2-630x420.jpg 630w, https:\/\/static.tecnichenuove.it\/areaarch\/2016\/01\/6-2.jpg 1200w\" sizes=\"auto, (max-width: 150px) 100vw, 150px\" \/><\/a>\n\t\t\t<\/div>\n\t\t\t\t<figcaption class='wp-caption-text gallery-caption' id='gallery-1-21387'>\n\t\t\t\telderly housing\n\t\t\t\t<\/figcaption><\/figure><figure class='gallery-item'>\n\t\t\t<div class='gallery-icon landscape'>\n\t\t\t\t<a href='https:\/\/www.area-arch.it\/en\/the-nolli-gardens\/8-33\/'><img loading=\"lazy\" decoding=\"async\" width=\"150\" height=\"100\" src=\"https:\/\/static.tecnichenuove.it\/areaarch\/2016\/01\/8-3-150x100.jpg\" class=\"attachment-thumbnail size-thumbnail\" alt=\"\" aria-describedby=\"gallery-1-21389\" srcset=\"https:\/\/static.tecnichenuove.it\/areaarch\/2016\/01\/8-3-150x100.jpg 150w, https:\/\/static.tecnichenuove.it\/areaarch\/2016\/01\/8-3-300x200.jpg 300w, https:\/\/static.tecnichenuove.it\/areaarch\/2016\/01\/8-3-768x512.jpg 768w, https:\/\/static.tecnichenuove.it\/areaarch\/2016\/01\/8-3-1024x683.jpg 1024w, https:\/\/static.tecnichenuove.it\/areaarch\/2016\/01\/8-3-696x464.jpg 696w, https:\/\/static.tecnichenuove.it\/areaarch\/2016\/01\/8-3-1068x712.jpg 1068w, https:\/\/static.tecnichenuove.it\/areaarch\/2016\/01\/8-3-630x420.jpg 630w, https:\/\/static.tecnichenuove.it\/areaarch\/2016\/01\/8-3.jpg 1200w\" sizes=\"auto, (max-width: 150px) 100vw, 150px\" \/><\/a>\n\t\t\t<\/div>\n\t\t\t\t<figcaption class='wp-caption-text gallery-caption' id='gallery-1-21389'>\n\t\t\t\tfloor plan elderly housing\n\t\t\t\t<\/figcaption><\/figure><figure class='gallery-item'>\n\t\t\t<div class='gallery-icon landscape'>\n\t\t\t\t<a href='https:\/\/www.area-arch.it\/en\/the-nolli-gardens\/7-32\/'><img loading=\"lazy\" decoding=\"async\" width=\"150\" height=\"100\" src=\"https:\/\/static.tecnichenuove.it\/areaarch\/2016\/01\/7-3-150x100.jpg\" class=\"attachment-thumbnail size-thumbnail\" alt=\"\" aria-describedby=\"gallery-1-21388\" srcset=\"https:\/\/static.tecnichenuove.it\/areaarch\/2016\/01\/7-3-150x100.jpg 150w, https:\/\/static.tecnichenuove.it\/areaarch\/2016\/01\/7-3-300x200.jpg 300w, https:\/\/static.tecnichenuove.it\/areaarch\/2016\/01\/7-3-768x512.jpg 768w, https:\/\/static.tecnichenuove.it\/areaarch\/2016\/01\/7-3-1024x683.jpg 1024w, https:\/\/static.tecnichenuove.it\/areaarch\/2016\/01\/7-3-696x464.jpg 696w, https:\/\/static.tecnichenuove.it\/areaarch\/2016\/01\/7-3-1068x712.jpg 1068w, https:\/\/static.tecnichenuove.it\/areaarch\/2016\/01\/7-3-630x420.jpg 630w, https:\/\/static.tecnichenuove.it\/areaarch\/2016\/01\/7-3.jpg 1200w\" sizes=\"auto, (max-width: 150px) 100vw, 150px\" \/><\/a>\n\t\t\t<\/div>\n\t\t\t\t<figcaption class='wp-caption-text gallery-caption' id='gallery-1-21388'>\n\t\t\t\tsection elderly housing\n\t\t\t\t<\/figcaption><\/figure>\n\t\t<\/div>\n\n<p><strong>Europan 13 competition:<\/strong> 2015, first prize<br \/>\n<strong>Client:<\/strong> City of Jyv\u00e4skyl\u00e4, The Student Union of the University of Jyv\u00e4skyl\u00e4 JYY, NCC Group<br \/>\n<strong>Student housing block:<\/strong> 124 family apartments, 240 single room apartments, commercial and service units, bicycle parking and shelters (total 17.840 sqm)<br \/>\n<strong>Central block:<\/strong> 76 elderly apartments, supermarket, restaurant, 420 parking places (total: 7.428 sqm)<br \/>\n<strong>Execution urban plan:<\/strong> 2016, Buildings: 2017-<br \/>\n<strong>Team: Freyke Hartemink, Jarrik Ouburg and Maciej Abramczyk<\/strong><\/p>\n","protected":false},"excerpt":{"rendered":"<p>The project includes a new urban plan and addition of two mix-use housing blocks for a part of the modernistic neighbourhood called Kortephohja in Jyv\u00e4skyl\u00e4, a medium-sized town centrally located in Finland. The challenge of the project is how to create an attractive local centre whereby the physical buildings themselves form the catalyst for the<\/p>\n","protected":false},"author":2581,"featured_media":21381,"comment_status":"open","ping_status":"open","sticky":false,"template":"","format":"standard","meta":{"footnotes":""},"categories":[3117],"tags":[],"class_list":["post-21397","post","type-post","status-publish","format-standard","has-post-thumbnail","hentry","category-competitions"],"yoast_head":"<!-- This site is optimized with the Yoast SEO plugin v27.5 - https:\/\/yoast.com\/product\/yoast-seo-wordpress\/ -->\n<title>The Nolli Gardens | Area<\/title>\n<meta name=\"description\" content=\"The project includes a new urban plan and addition of two mix-use housing blocks for a part of the modernistic neighbourhood called Kortephohja in\" \/>\n<meta name=\"robots\" content=\"index, follow, max-snippet:-1, max-image-preview:large, max-video-preview:-1\" \/>\n<link rel=\"canonical\" href=\"https:\/\/www.area-arch.it\/en\/the-nolli-gardens\/\" \/>\n<meta property=\"og:locale\" content=\"en_US\" \/>\n<meta property=\"og:type\" content=\"article\" \/>\n<meta property=\"og:title\" content=\"The Nolli Gardens | Area\" \/>\n<meta property=\"og:description\" content=\"The project includes a new urban plan and addition of two mix-use housing blocks for a part of the modernistic neighbourhood called Kortephohja in\" \/>\n<meta property=\"og:url\" content=\"https:\/\/www.area-arch.it\/en\/the-nolli-gardens\/\" \/>\n<meta property=\"og:site_name\" content=\"Area\" \/>\n<meta property=\"article:publisher\" content=\"https:\/\/www.facebook.com\/Area.Arch\" \/>\n<meta property=\"article:published_time\" content=\"2016-01-05T16:42:20+00:00\" \/>\n<meta property=\"article:modified_time\" content=\"2016-08-30T09:09:31+00:00\" \/>\n<meta property=\"og:image\" content=\"https:\/\/static.tecnichenuove.it\/areaarch\/2016\/01\/slideshow.jpg\" \/>\n\t<meta property=\"og:image:width\" content=\"1280\" \/>\n\t<meta property=\"og:image:height\" content=\"853\" \/>\n\t<meta property=\"og:image:type\" content=\"image\/jpeg\" \/>\n<meta name=\"author\" content=\"Ilaria Rondina\" \/>\n<meta name=\"twitter:label1\" content=\"Written by\" \/>\n\t<meta name=\"twitter:data1\" content=\"Ilaria Rondina\" \/>\n\t<meta name=\"twitter:label2\" content=\"Est. reading time\" \/>\n\t<meta name=\"twitter:data2\" content=\"2 minutes\" \/>\n<script type=\"application\/ld+json\" class=\"yoast-schema-graph\">{\"@context\":\"https:\\\/\\\/schema.org\",\"@graph\":[{\"@type\":\"Article\",\"@id\":\"https:\\\/\\\/www.area-arch.it\\\/en\\\/the-nolli-gardens\\\/#article\",\"isPartOf\":{\"@id\":\"https:\\\/\\\/www.area-arch.it\\\/en\\\/the-nolli-gardens\\\/\"},\"author\":{\"name\":\"Ilaria Rondina\",\"@id\":\"https:\\\/\\\/www.area-arch.it\\\/en\\\/#\\\/schema\\\/person\\\/859d30cbc6451ba1e9eee38c16866a0e\"},\"headline\":\"The Nolli Gardens\",\"datePublished\":\"2016-01-05T16:42:20+00:00\",\"dateModified\":\"2016-08-30T09:09:31+00:00\",\"mainEntityOfPage\":{\"@id\":\"https:\\\/\\\/www.area-arch.it\\\/en\\\/the-nolli-gardens\\\/\"},\"wordCount\":382,\"commentCount\":0,\"image\":{\"@id\":\"https:\\\/\\\/www.area-arch.it\\\/en\\\/the-nolli-gardens\\\/#primaryimage\"},\"thumbnailUrl\":\"https:\\\/\\\/static.tecnichenuove.it\\\/areaarch\\\/2016\\\/01\\\/slideshow.jpg\",\"articleSection\":[\"Competitions\"],\"inLanguage\":\"en-US\",\"potentialAction\":[{\"@type\":\"CommentAction\",\"name\":\"Comment\",\"target\":[\"https:\\\/\\\/www.area-arch.it\\\/en\\\/the-nolli-gardens\\\/#respond\"]}]},{\"@type\":\"WebPage\",\"@id\":\"https:\\\/\\\/www.area-arch.it\\\/en\\\/the-nolli-gardens\\\/\",\"url\":\"https:\\\/\\\/www.area-arch.it\\\/en\\\/the-nolli-gardens\\\/\",\"name\":\"The Nolli Gardens | Area\",\"isPartOf\":{\"@id\":\"https:\\\/\\\/www.area-arch.it\\\/en\\\/#website\"},\"primaryImageOfPage\":{\"@id\":\"https:\\\/\\\/www.area-arch.it\\\/en\\\/the-nolli-gardens\\\/#primaryimage\"},\"image\":{\"@id\":\"https:\\\/\\\/www.area-arch.it\\\/en\\\/the-nolli-gardens\\\/#primaryimage\"},\"thumbnailUrl\":\"https:\\\/\\\/static.tecnichenuove.it\\\/areaarch\\\/2016\\\/01\\\/slideshow.jpg\",\"datePublished\":\"2016-01-05T16:42:20+00:00\",\"dateModified\":\"2016-08-30T09:09:31+00:00\",\"author\":{\"@id\":\"https:\\\/\\\/www.area-arch.it\\\/en\\\/#\\\/schema\\\/person\\\/859d30cbc6451ba1e9eee38c16866a0e\"},\"description\":\"The project includes a new urban plan and addition of two mix-use housing blocks for a part of the modernistic neighbourhood called Kortephohja in\",\"breadcrumb\":{\"@id\":\"https:\\\/\\\/www.area-arch.it\\\/en\\\/the-nolli-gardens\\\/#breadcrumb\"},\"inLanguage\":\"en-US\",\"potentialAction\":[{\"@type\":\"ReadAction\",\"target\":[\"https:\\\/\\\/www.area-arch.it\\\/en\\\/the-nolli-gardens\\\/\"]}]},{\"@type\":\"ImageObject\",\"inLanguage\":\"en-US\",\"@id\":\"https:\\\/\\\/www.area-arch.it\\\/en\\\/the-nolli-gardens\\\/#primaryimage\",\"url\":\"https:\\\/\\\/static.tecnichenuove.it\\\/areaarch\\\/2016\\\/01\\\/slideshow.jpg\",\"contentUrl\":\"https:\\\/\\\/static.tecnichenuove.it\\\/areaarch\\\/2016\\\/01\\\/slideshow.jpg\",\"width\":1280,\"height\":853},{\"@type\":\"BreadcrumbList\",\"@id\":\"https:\\\/\\\/www.area-arch.it\\\/en\\\/the-nolli-gardens\\\/#breadcrumb\",\"itemListElement\":[{\"@type\":\"ListItem\",\"position\":1,\"name\":\"Home\",\"item\":\"https:\\\/\\\/www.area-arch.it\\\/en\\\/homepage-24\\\/\"},{\"@type\":\"ListItem\",\"position\":2,\"name\":\"Competitions\",\"item\":\"https:\\\/\\\/www.area-arch.it\\\/en\\\/category\\\/competitions\\\/\"},{\"@type\":\"ListItem\",\"position\":3,\"name\":\"The Nolli Gardens\"}]},{\"@type\":\"WebSite\",\"@id\":\"https:\\\/\\\/www.area-arch.it\\\/en\\\/#website\",\"url\":\"https:\\\/\\\/www.area-arch.it\\\/en\\\/\",\"name\":\"Area\",\"description\":\"rivista di architettura e arti del progetto\",\"potentialAction\":[{\"@type\":\"SearchAction\",\"target\":{\"@type\":\"EntryPoint\",\"urlTemplate\":\"https:\\\/\\\/www.area-arch.it\\\/en\\\/?s={search_term_string}\"},\"query-input\":{\"@type\":\"PropertyValueSpecification\",\"valueRequired\":true,\"valueName\":\"search_term_string\"}}],\"inLanguage\":\"en-US\"},{\"@type\":\"Person\",\"@id\":\"https:\\\/\\\/www.area-arch.it\\\/en\\\/#\\\/schema\\\/person\\\/859d30cbc6451ba1e9eee38c16866a0e\",\"name\":\"Ilaria Rondina\",\"image\":{\"@type\":\"ImageObject\",\"inLanguage\":\"en-US\",\"@id\":\"https:\\\/\\\/secure.gravatar.com\\\/avatar\\\/06882c37cdcdeac21f7348c6bd79ef252559575de5fed49831ef23c3bc3614ac?s=96&d=mm&r=g\",\"url\":\"https:\\\/\\\/secure.gravatar.com\\\/avatar\\\/06882c37cdcdeac21f7348c6bd79ef252559575de5fed49831ef23c3bc3614ac?s=96&d=mm&r=g\",\"contentUrl\":\"https:\\\/\\\/secure.gravatar.com\\\/avatar\\\/06882c37cdcdeac21f7348c6bd79ef252559575de5fed49831ef23c3bc3614ac?s=96&d=mm&r=g\",\"caption\":\"Ilaria Rondina\"},\"url\":\"https:\\\/\\\/www.area-arch.it\\\/en\\\/author\\\/irondina\\\/\"}]}<\/script>\n<!-- \/ Yoast SEO plugin. -->","yoast_head_json":{"title":"The Nolli Gardens | Area","description":"The project includes a new urban plan and addition of two mix-use housing blocks for a part of the modernistic neighbourhood called Kortephohja in","robots":{"index":"index","follow":"follow","max-snippet":"max-snippet:-1","max-image-preview":"max-image-preview:large","max-video-preview":"max-video-preview:-1"},"canonical":"https:\/\/www.area-arch.it\/en\/the-nolli-gardens\/","og_locale":"en_US","og_type":"article","og_title":"The Nolli Gardens | Area","og_description":"The project includes a new urban plan and addition of two mix-use housing blocks for a part of the modernistic neighbourhood called Kortephohja in","og_url":"https:\/\/www.area-arch.it\/en\/the-nolli-gardens\/","og_site_name":"Area","article_publisher":"https:\/\/www.facebook.com\/Area.Arch","article_published_time":"2016-01-05T16:42:20+00:00","article_modified_time":"2016-08-30T09:09:31+00:00","og_image":[{"width":1280,"height":853,"url":"https:\/\/static.tecnichenuove.it\/areaarch\/2016\/01\/slideshow.jpg","type":"image\/jpeg"}],"author":"Ilaria Rondina","twitter_misc":{"Written by":"Ilaria Rondina","Est. reading time":"2 minutes"},"schema":{"@context":"https:\/\/schema.org","@graph":[{"@type":"Article","@id":"https:\/\/www.area-arch.it\/en\/the-nolli-gardens\/#article","isPartOf":{"@id":"https:\/\/www.area-arch.it\/en\/the-nolli-gardens\/"},"author":{"name":"Ilaria Rondina","@id":"https:\/\/www.area-arch.it\/en\/#\/schema\/person\/859d30cbc6451ba1e9eee38c16866a0e"},"headline":"The Nolli Gardens","datePublished":"2016-01-05T16:42:20+00:00","dateModified":"2016-08-30T09:09:31+00:00","mainEntityOfPage":{"@id":"https:\/\/www.area-arch.it\/en\/the-nolli-gardens\/"},"wordCount":382,"commentCount":0,"image":{"@id":"https:\/\/www.area-arch.it\/en\/the-nolli-gardens\/#primaryimage"},"thumbnailUrl":"https:\/\/static.tecnichenuove.it\/areaarch\/2016\/01\/slideshow.jpg","articleSection":["Competitions"],"inLanguage":"en-US","potentialAction":[{"@type":"CommentAction","name":"Comment","target":["https:\/\/www.area-arch.it\/en\/the-nolli-gardens\/#respond"]}]},{"@type":"WebPage","@id":"https:\/\/www.area-arch.it\/en\/the-nolli-gardens\/","url":"https:\/\/www.area-arch.it\/en\/the-nolli-gardens\/","name":"The Nolli Gardens | Area","isPartOf":{"@id":"https:\/\/www.area-arch.it\/en\/#website"},"primaryImageOfPage":{"@id":"https:\/\/www.area-arch.it\/en\/the-nolli-gardens\/#primaryimage"},"image":{"@id":"https:\/\/www.area-arch.it\/en\/the-nolli-gardens\/#primaryimage"},"thumbnailUrl":"https:\/\/static.tecnichenuove.it\/areaarch\/2016\/01\/slideshow.jpg","datePublished":"2016-01-05T16:42:20+00:00","dateModified":"2016-08-30T09:09:31+00:00","author":{"@id":"https:\/\/www.area-arch.it\/en\/#\/schema\/person\/859d30cbc6451ba1e9eee38c16866a0e"},"description":"The project includes a new urban plan and addition of two mix-use housing blocks for a part of the modernistic neighbourhood called Kortephohja in","breadcrumb":{"@id":"https:\/\/www.area-arch.it\/en\/the-nolli-gardens\/#breadcrumb"},"inLanguage":"en-US","potentialAction":[{"@type":"ReadAction","target":["https:\/\/www.area-arch.it\/en\/the-nolli-gardens\/"]}]},{"@type":"ImageObject","inLanguage":"en-US","@id":"https:\/\/www.area-arch.it\/en\/the-nolli-gardens\/#primaryimage","url":"https:\/\/static.tecnichenuove.it\/areaarch\/2016\/01\/slideshow.jpg","contentUrl":"https:\/\/static.tecnichenuove.it\/areaarch\/2016\/01\/slideshow.jpg","width":1280,"height":853},{"@type":"BreadcrumbList","@id":"https:\/\/www.area-arch.it\/en\/the-nolli-gardens\/#breadcrumb","itemListElement":[{"@type":"ListItem","position":1,"name":"Home","item":"https:\/\/www.area-arch.it\/en\/homepage-24\/"},{"@type":"ListItem","position":2,"name":"Competitions","item":"https:\/\/www.area-arch.it\/en\/category\/competitions\/"},{"@type":"ListItem","position":3,"name":"The Nolli Gardens"}]},{"@type":"WebSite","@id":"https:\/\/www.area-arch.it\/en\/#website","url":"https:\/\/www.area-arch.it\/en\/","name":"Area","description":"rivista di architettura e arti del progetto","potentialAction":[{"@type":"SearchAction","target":{"@type":"EntryPoint","urlTemplate":"https:\/\/www.area-arch.it\/en\/?s={search_term_string}"},"query-input":{"@type":"PropertyValueSpecification","valueRequired":true,"valueName":"search_term_string"}}],"inLanguage":"en-US"},{"@type":"Person","@id":"https:\/\/www.area-arch.it\/en\/#\/schema\/person\/859d30cbc6451ba1e9eee38c16866a0e","name":"Ilaria Rondina","image":{"@type":"ImageObject","inLanguage":"en-US","@id":"https:\/\/secure.gravatar.com\/avatar\/06882c37cdcdeac21f7348c6bd79ef252559575de5fed49831ef23c3bc3614ac?s=96&d=mm&r=g","url":"https:\/\/secure.gravatar.com\/avatar\/06882c37cdcdeac21f7348c6bd79ef252559575de5fed49831ef23c3bc3614ac?s=96&d=mm&r=g","contentUrl":"https:\/\/secure.gravatar.com\/avatar\/06882c37cdcdeac21f7348c6bd79ef252559575de5fed49831ef23c3bc3614ac?s=96&d=mm&r=g","caption":"Ilaria Rondina"},"url":"https:\/\/www.area-arch.it\/en\/author\/irondina\/"}]}},"_links":{"self":[{"href":"https:\/\/www.area-arch.it\/en\/wp-json\/wp\/v2\/posts\/21397","targetHints":{"allow":["GET"]}}],"collection":[{"href":"https:\/\/www.area-arch.it\/en\/wp-json\/wp\/v2\/posts"}],"about":[{"href":"https:\/\/www.area-arch.it\/en\/wp-json\/wp\/v2\/types\/post"}],"author":[{"embeddable":true,"href":"https:\/\/www.area-arch.it\/en\/wp-json\/wp\/v2\/users\/2581"}],"replies":[{"embeddable":true,"href":"https:\/\/www.area-arch.it\/en\/wp-json\/wp\/v2\/comments?post=21397"}],"version-history":[{"count":3,"href":"https:\/\/www.area-arch.it\/en\/wp-json\/wp\/v2\/posts\/21397\/revisions"}],"predecessor-version":[{"id":21593,"href":"https:\/\/www.area-arch.it\/en\/wp-json\/wp\/v2\/posts\/21397\/revisions\/21593"}],"wp:featuredmedia":[{"embeddable":true,"href":"https:\/\/www.area-arch.it\/en\/wp-json\/wp\/v2\/media\/21381"}],"wp:attachment":[{"href":"https:\/\/www.area-arch.it\/en\/wp-json\/wp\/v2\/media?parent=21397"}],"wp:term":[{"taxonomy":"category","embeddable":true,"href":"https:\/\/www.area-arch.it\/en\/wp-json\/wp\/v2\/categories?post=21397"},{"taxonomy":"post_tag","embeddable":true,"href":"https:\/\/www.area-arch.it\/en\/wp-json\/wp\/v2\/tags?post=21397"}],"curies":[{"name":"wp","href":"https:\/\/api.w.org\/{rel}","templated":true}]}}