{"id":14056,"date":"2014-09-27T08:45:00","date_gmt":"2014-09-27T06:45:00","guid":{"rendered":"http:\/\/www.area-arch.it\/watervilla-de-omval-2\/"},"modified":"2015-08-23T20:57:23","modified_gmt":"2015-08-23T18:57:23","slug":"watervilla-de-omval","status":"publish","type":"post","link":"https:\/\/www.area-arch.it\/en\/watervilla-de-omval\/","title":{"rendered":"Watervilla de Omval"},"content":{"rendered":"<p>This tautly designed houseboat floats in the Amstel river of Amsterdam.\u00a0The design has, unlike most floating houses, a very contemporary design without losing the characteristic appearance of the typical houseboat. The clients get a lot of positive reactions, it evens happens that people who pass by boat knock on the windows and ask if they can enter the boat. Living on the water gets more and more popular in Holland. The clients\/ owners who come to our office always love the typical charms and characteristics of living on the water but don\u2019t like the standard \u201ccaravan\u201d appearance of the existing houseboats. More and more people want to live on a contemporary houseboat that has been designed for their specific needs; the houseboat at De Omval is an obvious example of this wish.<br \/>\nThe clients wanted a boat with an open floor plan where they could enjoy the views to the water and the outdoor space to a maximum. The distinguished curved line of the facade directly derives from this desire and the restriction that the boat couldn\u2019t be more than three meters above the water. The living area and open kitchen are located on the waterfront, from here one has a panoramic view at the Amstel and you can enter the floating terrace. Following on from the living area and kitchen the bedroom is located on a split level. The split level introduces an open route to the ground floor of the boat and, at the same time, makes it possible to create a terrace on the south side without exceeding the maximum building height. To accentuate the round lines of the facade it is carried out in with shiny aluminum. The white plastered walls and ceilings follow the curve of the facade creating a seamless transition from the exterior to the interior.<\/p>\n<div id='gallery-1' class='gallery galleryid-14056 gallery-columns-3 gallery-size-thumbnail'><figure class='gallery-item'>\n\t\t\t<div class='gallery-icon landscape'>\n\t\t\t\t<a href='https:\/\/www.area-arch.it\/en\/watervilla-de-omval\/31architects-watervilla-de-omval-01\/'><img loading=\"lazy\" decoding=\"async\" width=\"150\" height=\"100\" src=\"https:\/\/static.tecnichenuove.it\/areaarch\/2015\/08\/31ARCHITECTS-watervilla-de-omval-01-150x100.jpg\" class=\"attachment-thumbnail size-thumbnail\" alt=\"\" aria-describedby=\"gallery-1-14047\" \/><\/a>\n\t\t\t<\/div>\n\t\t\t\t<figcaption class='wp-caption-text gallery-caption' id='gallery-1-14047'>\n\t\t\t\tphoto by +31 Architects\n\t\t\t\t<\/figcaption><\/figure><figure class='gallery-item'>\n\t\t\t<div class='gallery-icon landscape'>\n\t\t\t\t<a href='https:\/\/www.area-arch.it\/en\/watervilla-de-omval\/31architects-watervilla-de-omval-02\/'><img loading=\"lazy\" decoding=\"async\" width=\"150\" height=\"100\" src=\"https:\/\/static.tecnichenuove.it\/areaarch\/2015\/08\/31ARCHITECTS-watervilla-de-omval-02-150x100.jpg\" class=\"attachment-thumbnail size-thumbnail\" alt=\"\" aria-describedby=\"gallery-1-14048\" \/><\/a>\n\t\t\t<\/div>\n\t\t\t\t<figcaption class='wp-caption-text gallery-caption' id='gallery-1-14048'>\n\t\t\t\tphoto by +31 Architects\n\t\t\t\t<\/figcaption><\/figure><figure class='gallery-item'>\n\t\t\t<div class='gallery-icon landscape'>\n\t\t\t\t<a href='https:\/\/www.area-arch.it\/en\/watervilla-de-omval\/31architects-watervilla-de-omval-09\/'><img loading=\"lazy\" decoding=\"async\" width=\"150\" height=\"100\" src=\"https:\/\/static.tecnichenuove.it\/areaarch\/2015\/08\/31ARCHITECTS-watervilla-de-omval-09-150x100.jpg\" class=\"attachment-thumbnail size-thumbnail\" alt=\"\" aria-describedby=\"gallery-1-14050\" \/><\/a>\n\t\t\t<\/div>\n\t\t\t\t<figcaption class='wp-caption-text gallery-caption' id='gallery-1-14050'>\n\t\t\t\tphoto by +31 Architects\n\t\t\t\t<\/figcaption><\/figure><figure class='gallery-item'>\n\t\t\t<div class='gallery-icon portrait'>\n\t\t\t\t<a href='https:\/\/www.area-arch.it\/en\/watervilla-de-omval\/31architects-watervilla-de-omval-10-iwan-baan-hr\/'><img loading=\"lazy\" decoding=\"async\" width=\"150\" height=\"100\" src=\"https:\/\/static.tecnichenuove.it\/areaarch\/2015\/08\/31ARCHITECTS-watervilla-de-omval-10----Iwan-Baan-hr-150x100.jpg\" class=\"attachment-thumbnail size-thumbnail\" alt=\"\" aria-describedby=\"gallery-1-14051\" srcset=\"https:\/\/static.tecnichenuove.it\/areaarch\/2015\/08\/31ARCHITECTS-watervilla-de-omval-10----Iwan-Baan-hr-150x100.jpg 150w, https:\/\/static.tecnichenuove.it\/areaarch\/2015\/08\/31ARCHITECTS-watervilla-de-omval-10----Iwan-Baan-hr-662x440.jpg 662w\" sizes=\"auto, (max-width: 150px) 100vw, 150px\" \/><\/a>\n\t\t\t<\/div>\n\t\t\t\t<figcaption class='wp-caption-text gallery-caption' id='gallery-1-14051'>\n\t\t\t\tphoto by Iwan Baan \n\t\t\t\t<\/figcaption><\/figure><figure class='gallery-item'>\n\t\t\t<div class='gallery-icon portrait'>\n\t\t\t\t<a href='https:\/\/www.area-arch.it\/en\/watervilla-de-omval\/31architects-watervilla-de-omval-11-iwan-baan-hr\/'><img loading=\"lazy\" decoding=\"async\" width=\"150\" height=\"100\" src=\"https:\/\/static.tecnichenuove.it\/areaarch\/2015\/08\/31ARCHITECTS-watervilla-de-omval-11----Iwan-Baan-hr-150x100.jpg\" class=\"attachment-thumbnail size-thumbnail\" alt=\"\" aria-describedby=\"gallery-1-14052\" srcset=\"https:\/\/static.tecnichenuove.it\/areaarch\/2015\/08\/31ARCHITECTS-watervilla-de-omval-11----Iwan-Baan-hr-150x100.jpg 150w, https:\/\/static.tecnichenuove.it\/areaarch\/2015\/08\/31ARCHITECTS-watervilla-de-omval-11----Iwan-Baan-hr-667x440.jpg 667w\" sizes=\"auto, (max-width: 150px) 100vw, 150px\" \/><\/a>\n\t\t\t<\/div>\n\t\t\t\t<figcaption class='wp-caption-text gallery-caption' id='gallery-1-14052'>\n\t\t\t\tphoto by Iwan Baan \n\t\t\t\t<\/figcaption><\/figure><figure class='gallery-item'>\n\t\t\t<div class='gallery-icon landscape'>\n\t\t\t\t<a href='https:\/\/www.area-arch.it\/en\/watervilla-de-omval\/31architects-watervilla-de-omval-00-facades\/'><img loading=\"lazy\" decoding=\"async\" width=\"150\" height=\"100\" src=\"https:\/\/static.tecnichenuove.it\/areaarch\/2015\/08\/31ARCHITECTS-watervilla-de-omval-00-facades-150x100.jpg\" class=\"attachment-thumbnail size-thumbnail\" alt=\"\" aria-describedby=\"gallery-1-14044\" \/><\/a>\n\t\t\t<\/div>\n\t\t\t\t<figcaption class='wp-caption-text gallery-caption' id='gallery-1-14044'>\n\t\t\t\tNorth-East fa\u00e7ade &#8211; North-West fa\u00e7ade and South-West fa\u00e7ade &#8211; South-East fa\u00e7ade\n\t\t\t\t<\/figcaption><\/figure><figure class='gallery-item'>\n\t\t\t<div class='gallery-icon landscape'>\n\t\t\t\t<a href='https:\/\/www.area-arch.it\/en\/watervilla-de-omval\/31architects-watervilla-de-omval-00-floorplan\/'><img loading=\"lazy\" decoding=\"async\" width=\"150\" height=\"100\" src=\"https:\/\/static.tecnichenuove.it\/areaarch\/2015\/08\/31ARCHITECTS-watervilla-de-omval-00-floorplan-150x100.jpg\" class=\"attachment-thumbnail size-thumbnail\" alt=\"\" aria-describedby=\"gallery-1-14045\" \/><\/a>\n\t\t\t<\/div>\n\t\t\t\t<figcaption class='wp-caption-text gallery-caption' id='gallery-1-14045'>\n\t\t\t\tfloor plans\n\t\t\t\t<\/figcaption><\/figure><figure class='gallery-item'>\n\t\t\t<div class='gallery-icon landscape'>\n\t\t\t\t<a href='https:\/\/www.area-arch.it\/en\/watervilla-de-omval\/31architects-watervilla-de-omval-00-sections\/'><img loading=\"lazy\" decoding=\"async\" width=\"150\" height=\"100\" src=\"https:\/\/static.tecnichenuove.it\/areaarch\/2015\/08\/31ARCHITECTS-watervilla-de-omval-00-sections-150x100.jpg\" class=\"attachment-thumbnail size-thumbnail\" alt=\"\" aria-describedby=\"gallery-1-14046\" \/><\/a>\n\t\t\t<\/div>\n\t\t\t\t<figcaption class='wp-caption-text gallery-caption' id='gallery-1-14046'>\n\t\t\t\tsection A &#8211; section B &#8211; section C &#8211; section D\n\t\t\t\t<\/figcaption><\/figure><figure class='gallery-item'>\n\t\t\t<div class='gallery-icon portrait'>\n\t\t\t\t<a href='https:\/\/www.area-arch.it\/en\/watervilla-de-omval\/31architects-watervilla-de-omval-section-1-2\/'><img loading=\"lazy\" decoding=\"async\" width=\"150\" height=\"100\" src=\"https:\/\/static.tecnichenuove.it\/areaarch\/2015\/08\/31ARCHITECTS-watervilla-de-omval-section-1-2-150x100.jpg\" class=\"attachment-thumbnail size-thumbnail\" alt=\"\" aria-describedby=\"gallery-1-14053\" \/><\/a>\n\t\t\t<\/div>\n\t\t\t\t<figcaption class='wp-caption-text gallery-caption' id='gallery-1-14053'>\n\t\t\t\tdetail\n\t\t\t\t<\/figcaption><\/figure><figure class='gallery-item'>\n\t\t\t<div class='gallery-icon portrait'>\n\t\t\t\t<a href='https:\/\/www.area-arch.it\/en\/watervilla-de-omval\/31architects-watervilla-de-omval-section-2-without-text\/'><img loading=\"lazy\" decoding=\"async\" width=\"150\" height=\"100\" src=\"https:\/\/static.tecnichenuove.it\/areaarch\/2015\/08\/31ARCHITECTS-watervilla-de-omval-section-2-without-text-150x100.jpg\" class=\"attachment-thumbnail size-thumbnail\" alt=\"\" aria-describedby=\"gallery-1-14054\" \/><\/a>\n\t\t\t<\/div>\n\t\t\t\t<figcaption class='wp-caption-text gallery-caption' id='gallery-1-14054'>\n\t\t\t\tdetail\n\t\t\t\t<\/figcaption><\/figure>\n\t\t<\/div>\n\n<p>&nbsp;<\/p>\n","protected":false},"excerpt":{"rendered":"<p>This tautly designed houseboat floats in the Amstel river of Amsterdam.\u00a0The design has, unlike most floating houses, a very contemporary design without losing the characteristic appearance of the typical houseboat. The clients get a lot of positive reactions, it evens happens that people who pass by boat knock on the windows and ask if they<\/p>\n","protected":false},"author":2581,"featured_media":14049,"comment_status":"open","ping_status":"open","sticky":false,"template":"","format":"standard","meta":{"footnotes":""},"categories":[17],"tags":[],"class_list":["post-14056","post","type-post","status-publish","format-standard","has-post-thumbnail","hentry","category-no-category"],"yoast_head":"<!-- This site is optimized with the Yoast SEO plugin v27.4 - https:\/\/yoast.com\/product\/yoast-seo-wordpress\/ -->\n<title>Watervilla de Omval | Area<\/title>\n<meta name=\"description\" content=\"This tautly designed houseboat floats in the Amstel river of Amsterdam.\u00a0The design has, unlike most floating houses, a very contemporary design without\" \/>\n<meta name=\"robots\" content=\"index, follow, max-snippet:-1, max-image-preview:large, max-video-preview:-1\" \/>\n<link rel=\"canonical\" href=\"https:\/\/www.area-arch.it\/en\/watervilla-de-omval\/\" \/>\n<meta property=\"og:locale\" content=\"en_US\" \/>\n<meta property=\"og:type\" content=\"article\" \/>\n<meta property=\"og:title\" content=\"Watervilla de Omval | Area\" \/>\n<meta property=\"og:description\" content=\"This tautly designed houseboat floats in the Amstel river of Amsterdam.\u00a0The design has, unlike most floating houses, a very contemporary design without\" \/>\n<meta property=\"og:url\" content=\"https:\/\/www.area-arch.it\/en\/watervilla-de-omval\/\" \/>\n<meta property=\"og:site_name\" content=\"Area\" \/>\n<meta property=\"article:publisher\" content=\"https:\/\/www.facebook.com\/Area.Arch\" \/>\n<meta property=\"article:published_time\" content=\"2014-09-27T06:45:00+00:00\" \/>\n<meta property=\"article:modified_time\" content=\"2015-08-23T18:57:23+00:00\" \/>\n<meta property=\"og:image\" content=\"https:\/\/static.tecnichenuove.it\/areaarch\/2015\/08\/31ARCHITECTS-watervilla-de-omval-011.jpg\" \/>\n\t<meta property=\"og:image:width\" content=\"1000\" \/>\n\t<meta property=\"og:image:height\" content=\"625\" \/>\n\t<meta property=\"og:image:type\" content=\"image\/jpeg\" \/>\n<meta name=\"author\" content=\"Ilaria Rondina\" \/>\n<meta name=\"twitter:label1\" content=\"Written by\" \/>\n\t<meta name=\"twitter:data1\" content=\"Ilaria Rondina\" \/>\n\t<meta name=\"twitter:label2\" content=\"Est. reading time\" \/>\n\t<meta name=\"twitter:data2\" content=\"2 minutes\" \/>\n<script type=\"application\/ld+json\" class=\"yoast-schema-graph\">{\"@context\":\"https:\\\/\\\/schema.org\",\"@graph\":[{\"@type\":\"Article\",\"@id\":\"https:\\\/\\\/www.area-arch.it\\\/en\\\/watervilla-de-omval\\\/#article\",\"isPartOf\":{\"@id\":\"https:\\\/\\\/www.area-arch.it\\\/en\\\/watervilla-de-omval\\\/\"},\"author\":{\"name\":\"Ilaria Rondina\",\"@id\":\"https:\\\/\\\/www.area-arch.it\\\/en\\\/#\\\/schema\\\/person\\\/859d30cbc6451ba1e9eee38c16866a0e\"},\"headline\":\"Watervilla de Omval\",\"datePublished\":\"2014-09-27T06:45:00+00:00\",\"dateModified\":\"2015-08-23T18:57:23+00:00\",\"mainEntityOfPage\":{\"@id\":\"https:\\\/\\\/www.area-arch.it\\\/en\\\/watervilla-de-omval\\\/\"},\"wordCount\":312,\"commentCount\":0,\"image\":{\"@id\":\"https:\\\/\\\/www.area-arch.it\\\/en\\\/watervilla-de-omval\\\/#primaryimage\"},\"thumbnailUrl\":\"https:\\\/\\\/static.tecnichenuove.it\\\/areaarch\\\/2015\\\/08\\\/31ARCHITECTS-watervilla-de-omval-011.jpg\",\"articleSection\":[\"No category\"],\"inLanguage\":\"en-US\",\"potentialAction\":[{\"@type\":\"CommentAction\",\"name\":\"Comment\",\"target\":[\"https:\\\/\\\/www.area-arch.it\\\/en\\\/watervilla-de-omval\\\/#respond\"]}]},{\"@type\":\"WebPage\",\"@id\":\"https:\\\/\\\/www.area-arch.it\\\/en\\\/watervilla-de-omval\\\/\",\"url\":\"https:\\\/\\\/www.area-arch.it\\\/en\\\/watervilla-de-omval\\\/\",\"name\":\"Watervilla de Omval | Area\",\"isPartOf\":{\"@id\":\"https:\\\/\\\/www.area-arch.it\\\/en\\\/#website\"},\"primaryImageOfPage\":{\"@id\":\"https:\\\/\\\/www.area-arch.it\\\/en\\\/watervilla-de-omval\\\/#primaryimage\"},\"image\":{\"@id\":\"https:\\\/\\\/www.area-arch.it\\\/en\\\/watervilla-de-omval\\\/#primaryimage\"},\"thumbnailUrl\":\"https:\\\/\\\/static.tecnichenuove.it\\\/areaarch\\\/2015\\\/08\\\/31ARCHITECTS-watervilla-de-omval-011.jpg\",\"datePublished\":\"2014-09-27T06:45:00+00:00\",\"dateModified\":\"2015-08-23T18:57:23+00:00\",\"author\":{\"@id\":\"https:\\\/\\\/www.area-arch.it\\\/en\\\/#\\\/schema\\\/person\\\/859d30cbc6451ba1e9eee38c16866a0e\"},\"description\":\"This tautly designed houseboat floats in the Amstel river of Amsterdam.\u00a0The design has, unlike most floating houses, a very contemporary design without\",\"breadcrumb\":{\"@id\":\"https:\\\/\\\/www.area-arch.it\\\/en\\\/watervilla-de-omval\\\/#breadcrumb\"},\"inLanguage\":\"en-US\",\"potentialAction\":[{\"@type\":\"ReadAction\",\"target\":[\"https:\\\/\\\/www.area-arch.it\\\/en\\\/watervilla-de-omval\\\/\"]}]},{\"@type\":\"ImageObject\",\"inLanguage\":\"en-US\",\"@id\":\"https:\\\/\\\/www.area-arch.it\\\/en\\\/watervilla-de-omval\\\/#primaryimage\",\"url\":\"https:\\\/\\\/static.tecnichenuove.it\\\/areaarch\\\/2015\\\/08\\\/31ARCHITECTS-watervilla-de-omval-011.jpg\",\"contentUrl\":\"https:\\\/\\\/static.tecnichenuove.it\\\/areaarch\\\/2015\\\/08\\\/31ARCHITECTS-watervilla-de-omval-011.jpg\",\"width\":1000,\"height\":625},{\"@type\":\"BreadcrumbList\",\"@id\":\"https:\\\/\\\/www.area-arch.it\\\/en\\\/watervilla-de-omval\\\/#breadcrumb\",\"itemListElement\":[{\"@type\":\"ListItem\",\"position\":1,\"name\":\"Home\",\"item\":\"https:\\\/\\\/www.area-arch.it\\\/en\\\/\"},{\"@type\":\"ListItem\",\"position\":2,\"name\":\"No category\",\"item\":\"https:\\\/\\\/www.area-arch.it\\\/en\\\/category\\\/no-category\\\/\"},{\"@type\":\"ListItem\",\"position\":3,\"name\":\"Watervilla de Omval\"}]},{\"@type\":\"WebSite\",\"@id\":\"https:\\\/\\\/www.area-arch.it\\\/en\\\/#website\",\"url\":\"https:\\\/\\\/www.area-arch.it\\\/en\\\/\",\"name\":\"Area\",\"description\":\"rivista di architettura e arti del progetto\",\"potentialAction\":[{\"@type\":\"SearchAction\",\"target\":{\"@type\":\"EntryPoint\",\"urlTemplate\":\"https:\\\/\\\/www.area-arch.it\\\/en\\\/?s={search_term_string}\"},\"query-input\":{\"@type\":\"PropertyValueSpecification\",\"valueRequired\":true,\"valueName\":\"search_term_string\"}}],\"inLanguage\":\"en-US\"},{\"@type\":\"Person\",\"@id\":\"https:\\\/\\\/www.area-arch.it\\\/en\\\/#\\\/schema\\\/person\\\/859d30cbc6451ba1e9eee38c16866a0e\",\"name\":\"Ilaria Rondina\",\"image\":{\"@type\":\"ImageObject\",\"inLanguage\":\"en-US\",\"@id\":\"https:\\\/\\\/secure.gravatar.com\\\/avatar\\\/06882c37cdcdeac21f7348c6bd79ef252559575de5fed49831ef23c3bc3614ac?s=96&d=mm&r=g\",\"url\":\"https:\\\/\\\/secure.gravatar.com\\\/avatar\\\/06882c37cdcdeac21f7348c6bd79ef252559575de5fed49831ef23c3bc3614ac?s=96&d=mm&r=g\",\"contentUrl\":\"https:\\\/\\\/secure.gravatar.com\\\/avatar\\\/06882c37cdcdeac21f7348c6bd79ef252559575de5fed49831ef23c3bc3614ac?s=96&d=mm&r=g\",\"caption\":\"Ilaria Rondina\"},\"url\":\"https:\\\/\\\/www.area-arch.it\\\/en\\\/author\\\/irondina\\\/\"}]}<\/script>\n<!-- \/ Yoast SEO plugin. -->","yoast_head_json":{"title":"Watervilla de Omval | Area","description":"This tautly designed houseboat floats in the Amstel river of Amsterdam.\u00a0The design has, unlike most floating houses, a very contemporary design without","robots":{"index":"index","follow":"follow","max-snippet":"max-snippet:-1","max-image-preview":"max-image-preview:large","max-video-preview":"max-video-preview:-1"},"canonical":"https:\/\/www.area-arch.it\/en\/watervilla-de-omval\/","og_locale":"en_US","og_type":"article","og_title":"Watervilla de Omval | Area","og_description":"This tautly designed houseboat floats in the Amstel river of Amsterdam.\u00a0The design has, unlike most floating houses, a very contemporary design without","og_url":"https:\/\/www.area-arch.it\/en\/watervilla-de-omval\/","og_site_name":"Area","article_publisher":"https:\/\/www.facebook.com\/Area.Arch","article_published_time":"2014-09-27T06:45:00+00:00","article_modified_time":"2015-08-23T18:57:23+00:00","og_image":[{"width":1000,"height":625,"url":"https:\/\/static.tecnichenuove.it\/areaarch\/2015\/08\/31ARCHITECTS-watervilla-de-omval-011.jpg","type":"image\/jpeg"}],"author":"Ilaria Rondina","twitter_misc":{"Written by":"Ilaria Rondina","Est. reading time":"2 minutes"},"schema":{"@context":"https:\/\/schema.org","@graph":[{"@type":"Article","@id":"https:\/\/www.area-arch.it\/en\/watervilla-de-omval\/#article","isPartOf":{"@id":"https:\/\/www.area-arch.it\/en\/watervilla-de-omval\/"},"author":{"name":"Ilaria Rondina","@id":"https:\/\/www.area-arch.it\/en\/#\/schema\/person\/859d30cbc6451ba1e9eee38c16866a0e"},"headline":"Watervilla de Omval","datePublished":"2014-09-27T06:45:00+00:00","dateModified":"2015-08-23T18:57:23+00:00","mainEntityOfPage":{"@id":"https:\/\/www.area-arch.it\/en\/watervilla-de-omval\/"},"wordCount":312,"commentCount":0,"image":{"@id":"https:\/\/www.area-arch.it\/en\/watervilla-de-omval\/#primaryimage"},"thumbnailUrl":"https:\/\/static.tecnichenuove.it\/areaarch\/2015\/08\/31ARCHITECTS-watervilla-de-omval-011.jpg","articleSection":["No category"],"inLanguage":"en-US","potentialAction":[{"@type":"CommentAction","name":"Comment","target":["https:\/\/www.area-arch.it\/en\/watervilla-de-omval\/#respond"]}]},{"@type":"WebPage","@id":"https:\/\/www.area-arch.it\/en\/watervilla-de-omval\/","url":"https:\/\/www.area-arch.it\/en\/watervilla-de-omval\/","name":"Watervilla de Omval | Area","isPartOf":{"@id":"https:\/\/www.area-arch.it\/en\/#website"},"primaryImageOfPage":{"@id":"https:\/\/www.area-arch.it\/en\/watervilla-de-omval\/#primaryimage"},"image":{"@id":"https:\/\/www.area-arch.it\/en\/watervilla-de-omval\/#primaryimage"},"thumbnailUrl":"https:\/\/static.tecnichenuove.it\/areaarch\/2015\/08\/31ARCHITECTS-watervilla-de-omval-011.jpg","datePublished":"2014-09-27T06:45:00+00:00","dateModified":"2015-08-23T18:57:23+00:00","author":{"@id":"https:\/\/www.area-arch.it\/en\/#\/schema\/person\/859d30cbc6451ba1e9eee38c16866a0e"},"description":"This tautly designed houseboat floats in the Amstel river of Amsterdam.\u00a0The design has, unlike most floating houses, a very contemporary design without","breadcrumb":{"@id":"https:\/\/www.area-arch.it\/en\/watervilla-de-omval\/#breadcrumb"},"inLanguage":"en-US","potentialAction":[{"@type":"ReadAction","target":["https:\/\/www.area-arch.it\/en\/watervilla-de-omval\/"]}]},{"@type":"ImageObject","inLanguage":"en-US","@id":"https:\/\/www.area-arch.it\/en\/watervilla-de-omval\/#primaryimage","url":"https:\/\/static.tecnichenuove.it\/areaarch\/2015\/08\/31ARCHITECTS-watervilla-de-omval-011.jpg","contentUrl":"https:\/\/static.tecnichenuove.it\/areaarch\/2015\/08\/31ARCHITECTS-watervilla-de-omval-011.jpg","width":1000,"height":625},{"@type":"BreadcrumbList","@id":"https:\/\/www.area-arch.it\/en\/watervilla-de-omval\/#breadcrumb","itemListElement":[{"@type":"ListItem","position":1,"name":"Home","item":"https:\/\/www.area-arch.it\/en\/"},{"@type":"ListItem","position":2,"name":"No category","item":"https:\/\/www.area-arch.it\/en\/category\/no-category\/"},{"@type":"ListItem","position":3,"name":"Watervilla de Omval"}]},{"@type":"WebSite","@id":"https:\/\/www.area-arch.it\/en\/#website","url":"https:\/\/www.area-arch.it\/en\/","name":"Area","description":"rivista di architettura e arti del progetto","potentialAction":[{"@type":"SearchAction","target":{"@type":"EntryPoint","urlTemplate":"https:\/\/www.area-arch.it\/en\/?s={search_term_string}"},"query-input":{"@type":"PropertyValueSpecification","valueRequired":true,"valueName":"search_term_string"}}],"inLanguage":"en-US"},{"@type":"Person","@id":"https:\/\/www.area-arch.it\/en\/#\/schema\/person\/859d30cbc6451ba1e9eee38c16866a0e","name":"Ilaria Rondina","image":{"@type":"ImageObject","inLanguage":"en-US","@id":"https:\/\/secure.gravatar.com\/avatar\/06882c37cdcdeac21f7348c6bd79ef252559575de5fed49831ef23c3bc3614ac?s=96&d=mm&r=g","url":"https:\/\/secure.gravatar.com\/avatar\/06882c37cdcdeac21f7348c6bd79ef252559575de5fed49831ef23c3bc3614ac?s=96&d=mm&r=g","contentUrl":"https:\/\/secure.gravatar.com\/avatar\/06882c37cdcdeac21f7348c6bd79ef252559575de5fed49831ef23c3bc3614ac?s=96&d=mm&r=g","caption":"Ilaria Rondina"},"url":"https:\/\/www.area-arch.it\/en\/author\/irondina\/"}]}},"_links":{"self":[{"href":"https:\/\/www.area-arch.it\/en\/wp-json\/wp\/v2\/posts\/14056","targetHints":{"allow":["GET"]}}],"collection":[{"href":"https:\/\/www.area-arch.it\/en\/wp-json\/wp\/v2\/posts"}],"about":[{"href":"https:\/\/www.area-arch.it\/en\/wp-json\/wp\/v2\/types\/post"}],"author":[{"embeddable":true,"href":"https:\/\/www.area-arch.it\/en\/wp-json\/wp\/v2\/users\/2581"}],"replies":[{"embeddable":true,"href":"https:\/\/www.area-arch.it\/en\/wp-json\/wp\/v2\/comments?post=14056"}],"version-history":[{"count":3,"href":"https:\/\/www.area-arch.it\/en\/wp-json\/wp\/v2\/posts\/14056\/revisions"}],"predecessor-version":[{"id":14061,"href":"https:\/\/www.area-arch.it\/en\/wp-json\/wp\/v2\/posts\/14056\/revisions\/14061"}],"wp:featuredmedia":[{"embeddable":true,"href":"https:\/\/www.area-arch.it\/en\/wp-json\/wp\/v2\/media\/14049"}],"wp:attachment":[{"href":"https:\/\/www.area-arch.it\/en\/wp-json\/wp\/v2\/media?parent=14056"}],"wp:term":[{"taxonomy":"category","embeddable":true,"href":"https:\/\/www.area-arch.it\/en\/wp-json\/wp\/v2\/categories?post=14056"},{"taxonomy":"post_tag","embeddable":true,"href":"https:\/\/www.area-arch.it\/en\/wp-json\/wp\/v2\/tags?post=14056"}],"curies":[{"name":"wp","href":"https:\/\/api.w.org\/{rel}","templated":true}]}}