{"id":11749,"date":"2014-10-01T23:57:41","date_gmt":"2014-10-01T21:57:41","guid":{"rendered":"http:\/\/www.area-arch.it\/area-127-identity-of-the-landscape-2\/"},"modified":"2015-10-09T18:59:21","modified_gmt":"2015-10-09T16:59:21","slug":"area-127-identity-of-the-landscape","status":"publish","type":"post","link":"https:\/\/www.area-arch.it\/en\/area-127-identity-of-the-landscape\/","title":{"rendered":"area 127 &#8211; identity of the landscape"},"content":{"rendered":"<p>&nbsp;<\/p>\n<p>&nbsp;<\/p>\n<p>&nbsp;<\/p>\n<p>&nbsp;<\/p>\n<p>&nbsp;<\/p>\n<p><strong>presentazione\/introduction<br \/>\n<\/strong><a href=\"http:\/\/www.area-arch.it\/en\/identity-of-the-landscape-less-aestethic-more-ethics\/\" target=\"_blank\">Identity of the landscape: less aestethic more ethics <em>text by Marco Casamonti<\/em><\/a><\/p>\n<p><strong>editoriale\/editorial<br \/>\n<\/strong><a href=\"http:\/\/www.area-arch.it\/en\/landscape-infrastructures\/\" target=\"_blank\">Landscape infrastructures<em>\u00a0text by Stan Allen<\/em><\/a><\/p>\n<p><strong>letture critiche\/critical lectures<br \/>\n<\/strong><a href=\"http:\/\/www.area-arch.it\/en\/area-127-identity-of-the-landscape\/\" target=\"_blank\">On landscape and architecture or how to call things with their proper names in these uncertain times<\/a><br \/>\n<em><a href=\"http:\/\/www.area-arch.it\/en\/area-127-identity-of-the-landscape\/\" target=\"_blank\">text by Jordi Bellmunt Chiva<\/a><br \/>\n<\/em><a href=\"http:\/\/www.area-arch.it\/en\/landscape-architecture\/\" target=\"_blank\">Landscape. Architecture\u00a0<em>text by Joao Nu\u00f1ez<\/em><\/a><\/p>\n<p><strong>scenari di architettura\/architectural scenario<br \/>\n<\/strong><a href=\"http:\/\/www.area-arch.it\/en\/spaceport-america\/\" target=\"_blank\">Foster + Partners \/ Spaceport America<\/a><br \/>\n<a href=\"http:\/\/www.area-arch.it\/en\/antinori-winery\/\" target=\"_blank\">Archea Associati \/ Antinori Winery<\/a><br \/>\n<a href=\"http:\/\/www.area-arch.it\/en\/memorial-to-garibaldi-in-forte-arbuticci\/\" target=\"_blank\">Pietro Carlo Pellegrini \/ Memorial to Garibaldi in Forte Arbuticci<\/a><br \/>\n<a href=\"http:\/\/www.area-arch.it\/en\/joanneum-museum-extension\/\" target=\"_blank\">Nieto Sobejano Arquitectos \u2013 eep architekten \/ Joanneum Museum Extension<\/a><br \/>\n<a href=\"http:\/\/www.area-arch.it\/en\/stadel-museum-extension\/\" target=\"_blank\">schneider+schumacher architects \/ St\u00e4del Museum Extension<\/a><br \/>\n<a href=\"http:\/\/www.area-arch.it\/en\/pitagora-museum\/\" target=\"_blank\">OBR \u2013 Paolo Brescia, Tommaso Principi \/ Pitagora Museum<\/a><br \/>\n<a href=\"http:\/\/www.area-arch.it\/en\/marcel-sembat-high-school\/\" target=\"_blank\">archi5 with B. Huidobro \/ Marcel Sembat High School<\/a><br \/>\n<a href=\"http:\/\/www.area-arch.it\/en\/service-block-camerino-university\/\" target=\"_blank\">gambardellarchitetti \/ Service Block &#8211; Camerino University<\/a><br \/>\n<a href=\"http:\/\/www.area-arch.it\/en\/uitzicht-crematorium\/\" target=\"_blank\">Eduardo Souto de Moura with SumProject \/ Uitzicht Crematorium<\/a><br \/>\n<a href=\"http:\/\/www.area-arch.it\/en\/compost-heap-plant\/\" target=\"_blank\">Loris Macci with Andrea Giunti \/ Compost Heap Plant<\/a><br \/>\n<a href=\"http:\/\/www.area-arch.it\/en\/biodiversity-centre\/\" target=\"_blank\">Tomas Garcia Piriz (CUAC.arquitectura) + Jose Lu\u00eds M\u00fa\u00f1oz M\u00fa\u00f1oz \/ Biodiversity Centre<\/a><br \/>\n<a href=\"http:\/\/www.area-arch.it\/en\/pachacamac-hill-house\/\" target=\"_blank\">Luis Longhi\/LONGHI ARCHITECTS \/ Pachacamac Hill House<\/a><br \/>\n<a href=\"http:\/\/www.area-arch.it\/en\/pachacamac-hill-house\/\" target=\"_blank\">SeARCH and CMA \/ Villa Vals<\/a><br \/>\n<a href=\"http:\/\/www.area-arch.it\/en\/aloni-house\/\" target=\"_blank\">decaARCHITECTURE \/ Aloni house<\/a><br \/>\n<a href=\"http:\/\/www.area-arch.it\/en\/voronois-corrals\/\" target=\"_blank\">decaARCHITECTURE \/ Voronoi\u2019s Corrals<\/a><\/p>\n<p><strong>Site-specific art<\/strong><br \/>\n<a href=\"http:\/\/www.area-arch.it\/en\/pachacamac-hill-house\/\" target=\"_blank\">a dialogue with Giuliano Gori\u00a0<em>interview by Laura Andreini<\/em><\/a><\/p>\n<p><strong>identity of the landscape bibliography<\/strong><\/p>\n<p><strong>itinerario contemporaneo\/contemporary itinerary\u00a0<\/strong><a href=\"http:\/\/www.area-arch.it\/en\/contemporary-itinerary-sydney\/\" target=\"_blank\">Sydney itinerary<\/a><\/p>\n<p><strong>esiti concorsi\/competitions<\/strong><\/p>\n<p><strong>recensioni mostre e libri\/\u00a0<\/strong><strong>exhibition and book reviews<\/strong><\/p>\n<p><strong>new media<\/strong><\/p>\n","protected":false},"excerpt":{"rendered":"<p>&nbsp; &nbsp; &nbsp; &nbsp; &nbsp; presentazione\/introduction Identity of the landscape: less aestethic more ethics text by Marco Casamonti editoriale\/editorial Landscape infrastructures\u00a0text by Stan Allen letture critiche\/critical lectures On landscape and architecture or how to call things with their proper names in these uncertain times text by Jordi Bellmunt Chiva Landscape. Architecture\u00a0text by Joao Nu\u00f1ez scenari<\/p>\n","protected":false},"author":2581,"featured_media":11746,"comment_status":"open","ping_status":"open","sticky":false,"template":"","format":"standard","meta":{"footnotes":""},"categories":[32],"tags":[],"class_list":["post-11749","post","type-post","status-publish","format-standard","has-post-thumbnail","hentry","category-archive"],"yoast_head":"<!-- This site is optimized with the Yoast SEO plugin v27.4 - https:\/\/yoast.com\/product\/yoast-seo-wordpress\/ -->\n<title>area 127 - identity of the landscape | Area<\/title>\n<meta name=\"description\" content=\"&nbsp; &nbsp; &nbsp; &nbsp; &nbsp; presentazione\/introduction Identity of the landscape: less aestethic more ethics text by Marco Casamonti\" \/>\n<meta name=\"robots\" content=\"index, follow, max-snippet:-1, max-image-preview:large, max-video-preview:-1\" \/>\n<link rel=\"canonical\" href=\"https:\/\/www.area-arch.it\/en\/area-127-identity-of-the-landscape\/\" \/>\n<meta property=\"og:locale\" content=\"en_US\" \/>\n<meta property=\"og:type\" content=\"article\" \/>\n<meta property=\"og:title\" content=\"area 127 - identity of the landscape | Area\" \/>\n<meta property=\"og:description\" content=\"&nbsp; &nbsp; &nbsp; &nbsp; &nbsp; presentazione\/introduction Identity of the landscape: less aestethic more ethics text by Marco Casamonti\" \/>\n<meta property=\"og:url\" content=\"https:\/\/www.area-arch.it\/en\/area-127-identity-of-the-landscape\/\" \/>\n<meta property=\"og:site_name\" content=\"Area\" \/>\n<meta property=\"article:publisher\" content=\"https:\/\/www.facebook.com\/Area.Arch\" \/>\n<meta property=\"article:published_time\" content=\"2014-10-01T21:57:41+00:00\" \/>\n<meta property=\"article:modified_time\" content=\"2015-10-09T16:59:21+00:00\" \/>\n<meta property=\"og:image\" content=\"https:\/\/static.tecnichenuove.it\/areaarch\/2015\/07\/COVER-AREA-127-1-2.jpg\" \/>\n\t<meta property=\"og:image:width\" content=\"1000\" \/>\n\t<meta property=\"og:image:height\" content=\"706\" \/>\n\t<meta property=\"og:image:type\" content=\"image\/jpeg\" \/>\n<meta name=\"author\" content=\"Ilaria Rondina\" \/>\n<meta name=\"twitter:label1\" content=\"Written by\" \/>\n\t<meta name=\"twitter:data1\" content=\"Ilaria Rondina\" \/>\n\t<meta name=\"twitter:label2\" content=\"Est. reading time\" \/>\n\t<meta name=\"twitter:data2\" content=\"1 minute\" \/>\n<script type=\"application\/ld+json\" class=\"yoast-schema-graph\">{\"@context\":\"https:\\\/\\\/schema.org\",\"@graph\":[{\"@type\":\"Article\",\"@id\":\"https:\\\/\\\/www.area-arch.it\\\/en\\\/area-127-identity-of-the-landscape\\\/#article\",\"isPartOf\":{\"@id\":\"https:\\\/\\\/www.area-arch.it\\\/en\\\/area-127-identity-of-the-landscape\\\/\"},\"author\":{\"name\":\"Ilaria Rondina\",\"@id\":\"https:\\\/\\\/www.area-arch.it\\\/en\\\/#\\\/schema\\\/person\\\/859d30cbc6451ba1e9eee38c16866a0e\"},\"headline\":\"area 127 &#8211; identity of the landscape\",\"datePublished\":\"2014-10-01T21:57:41+00:00\",\"dateModified\":\"2015-10-09T16:59:21+00:00\",\"mainEntityOfPage\":{\"@id\":\"https:\\\/\\\/www.area-arch.it\\\/en\\\/area-127-identity-of-the-landscape\\\/\"},\"wordCount\":208,\"commentCount\":0,\"image\":{\"@id\":\"https:\\\/\\\/www.area-arch.it\\\/en\\\/area-127-identity-of-the-landscape\\\/#primaryimage\"},\"thumbnailUrl\":\"https:\\\/\\\/static.tecnichenuove.it\\\/areaarch\\\/2015\\\/07\\\/COVER-AREA-127-1-2.jpg\",\"articleSection\":[\"Archive\"],\"inLanguage\":\"en-US\",\"potentialAction\":[{\"@type\":\"CommentAction\",\"name\":\"Comment\",\"target\":[\"https:\\\/\\\/www.area-arch.it\\\/en\\\/area-127-identity-of-the-landscape\\\/#respond\"]}]},{\"@type\":\"WebPage\",\"@id\":\"https:\\\/\\\/www.area-arch.it\\\/en\\\/area-127-identity-of-the-landscape\\\/\",\"url\":\"https:\\\/\\\/www.area-arch.it\\\/en\\\/area-127-identity-of-the-landscape\\\/\",\"name\":\"area 127 - identity of the landscape | Area\",\"isPartOf\":{\"@id\":\"https:\\\/\\\/www.area-arch.it\\\/en\\\/#website\"},\"primaryImageOfPage\":{\"@id\":\"https:\\\/\\\/www.area-arch.it\\\/en\\\/area-127-identity-of-the-landscape\\\/#primaryimage\"},\"image\":{\"@id\":\"https:\\\/\\\/www.area-arch.it\\\/en\\\/area-127-identity-of-the-landscape\\\/#primaryimage\"},\"thumbnailUrl\":\"https:\\\/\\\/static.tecnichenuove.it\\\/areaarch\\\/2015\\\/07\\\/COVER-AREA-127-1-2.jpg\",\"datePublished\":\"2014-10-01T21:57:41+00:00\",\"dateModified\":\"2015-10-09T16:59:21+00:00\",\"author\":{\"@id\":\"https:\\\/\\\/www.area-arch.it\\\/en\\\/#\\\/schema\\\/person\\\/859d30cbc6451ba1e9eee38c16866a0e\"},\"description\":\"&nbsp; &nbsp; &nbsp; &nbsp; &nbsp; presentazione\\\/introduction Identity of the landscape: less aestethic more ethics text by Marco Casamonti\",\"breadcrumb\":{\"@id\":\"https:\\\/\\\/www.area-arch.it\\\/en\\\/area-127-identity-of-the-landscape\\\/#breadcrumb\"},\"inLanguage\":\"en-US\",\"potentialAction\":[{\"@type\":\"ReadAction\",\"target\":[\"https:\\\/\\\/www.area-arch.it\\\/en\\\/area-127-identity-of-the-landscape\\\/\"]}]},{\"@type\":\"ImageObject\",\"inLanguage\":\"en-US\",\"@id\":\"https:\\\/\\\/www.area-arch.it\\\/en\\\/area-127-identity-of-the-landscape\\\/#primaryimage\",\"url\":\"https:\\\/\\\/static.tecnichenuove.it\\\/areaarch\\\/2015\\\/07\\\/COVER-AREA-127-1-2.jpg\",\"contentUrl\":\"https:\\\/\\\/static.tecnichenuove.it\\\/areaarch\\\/2015\\\/07\\\/COVER-AREA-127-1-2.jpg\",\"width\":1000,\"height\":706},{\"@type\":\"BreadcrumbList\",\"@id\":\"https:\\\/\\\/www.area-arch.it\\\/en\\\/area-127-identity-of-the-landscape\\\/#breadcrumb\",\"itemListElement\":[{\"@type\":\"ListItem\",\"position\":1,\"name\":\"Home\",\"item\":\"https:\\\/\\\/www.area-arch.it\\\/en\\\/\"},{\"@type\":\"ListItem\",\"position\":2,\"name\":\"Archive\",\"item\":\"https:\\\/\\\/www.area-arch.it\\\/en\\\/category\\\/archive\\\/\"},{\"@type\":\"ListItem\",\"position\":3,\"name\":\"area 127 &#8211; identity of the landscape\"}]},{\"@type\":\"WebSite\",\"@id\":\"https:\\\/\\\/www.area-arch.it\\\/en\\\/#website\",\"url\":\"https:\\\/\\\/www.area-arch.it\\\/en\\\/\",\"name\":\"Area\",\"description\":\"rivista di architettura e arti del progetto\",\"potentialAction\":[{\"@type\":\"SearchAction\",\"target\":{\"@type\":\"EntryPoint\",\"urlTemplate\":\"https:\\\/\\\/www.area-arch.it\\\/en\\\/?s={search_term_string}\"},\"query-input\":{\"@type\":\"PropertyValueSpecification\",\"valueRequired\":true,\"valueName\":\"search_term_string\"}}],\"inLanguage\":\"en-US\"},{\"@type\":\"Person\",\"@id\":\"https:\\\/\\\/www.area-arch.it\\\/en\\\/#\\\/schema\\\/person\\\/859d30cbc6451ba1e9eee38c16866a0e\",\"name\":\"Ilaria Rondina\",\"image\":{\"@type\":\"ImageObject\",\"inLanguage\":\"en-US\",\"@id\":\"https:\\\/\\\/secure.gravatar.com\\\/avatar\\\/06882c37cdcdeac21f7348c6bd79ef252559575de5fed49831ef23c3bc3614ac?s=96&d=mm&r=g\",\"url\":\"https:\\\/\\\/secure.gravatar.com\\\/avatar\\\/06882c37cdcdeac21f7348c6bd79ef252559575de5fed49831ef23c3bc3614ac?s=96&d=mm&r=g\",\"contentUrl\":\"https:\\\/\\\/secure.gravatar.com\\\/avatar\\\/06882c37cdcdeac21f7348c6bd79ef252559575de5fed49831ef23c3bc3614ac?s=96&d=mm&r=g\",\"caption\":\"Ilaria Rondina\"},\"url\":\"https:\\\/\\\/www.area-arch.it\\\/en\\\/author\\\/irondina\\\/\"}]}<\/script>\n<!-- \/ Yoast SEO plugin. -->","yoast_head_json":{"title":"area 127 - identity of the landscape | Area","description":"&nbsp; &nbsp; &nbsp; &nbsp; &nbsp; presentazione\/introduction Identity of the landscape: less aestethic more ethics text by Marco Casamonti","robots":{"index":"index","follow":"follow","max-snippet":"max-snippet:-1","max-image-preview":"max-image-preview:large","max-video-preview":"max-video-preview:-1"},"canonical":"https:\/\/www.area-arch.it\/en\/area-127-identity-of-the-landscape\/","og_locale":"en_US","og_type":"article","og_title":"area 127 - identity of the landscape | Area","og_description":"&nbsp; &nbsp; &nbsp; &nbsp; &nbsp; presentazione\/introduction Identity of the landscape: less aestethic more ethics text by Marco Casamonti","og_url":"https:\/\/www.area-arch.it\/en\/area-127-identity-of-the-landscape\/","og_site_name":"Area","article_publisher":"https:\/\/www.facebook.com\/Area.Arch","article_published_time":"2014-10-01T21:57:41+00:00","article_modified_time":"2015-10-09T16:59:21+00:00","og_image":[{"width":1000,"height":706,"url":"https:\/\/static.tecnichenuove.it\/areaarch\/2015\/07\/COVER-AREA-127-1-2.jpg","type":"image\/jpeg"}],"author":"Ilaria Rondina","twitter_misc":{"Written by":"Ilaria Rondina","Est. reading time":"1 minute"},"schema":{"@context":"https:\/\/schema.org","@graph":[{"@type":"Article","@id":"https:\/\/www.area-arch.it\/en\/area-127-identity-of-the-landscape\/#article","isPartOf":{"@id":"https:\/\/www.area-arch.it\/en\/area-127-identity-of-the-landscape\/"},"author":{"name":"Ilaria Rondina","@id":"https:\/\/www.area-arch.it\/en\/#\/schema\/person\/859d30cbc6451ba1e9eee38c16866a0e"},"headline":"area 127 &#8211; identity of the landscape","datePublished":"2014-10-01T21:57:41+00:00","dateModified":"2015-10-09T16:59:21+00:00","mainEntityOfPage":{"@id":"https:\/\/www.area-arch.it\/en\/area-127-identity-of-the-landscape\/"},"wordCount":208,"commentCount":0,"image":{"@id":"https:\/\/www.area-arch.it\/en\/area-127-identity-of-the-landscape\/#primaryimage"},"thumbnailUrl":"https:\/\/static.tecnichenuove.it\/areaarch\/2015\/07\/COVER-AREA-127-1-2.jpg","articleSection":["Archive"],"inLanguage":"en-US","potentialAction":[{"@type":"CommentAction","name":"Comment","target":["https:\/\/www.area-arch.it\/en\/area-127-identity-of-the-landscape\/#respond"]}]},{"@type":"WebPage","@id":"https:\/\/www.area-arch.it\/en\/area-127-identity-of-the-landscape\/","url":"https:\/\/www.area-arch.it\/en\/area-127-identity-of-the-landscape\/","name":"area 127 - identity of the landscape | Area","isPartOf":{"@id":"https:\/\/www.area-arch.it\/en\/#website"},"primaryImageOfPage":{"@id":"https:\/\/www.area-arch.it\/en\/area-127-identity-of-the-landscape\/#primaryimage"},"image":{"@id":"https:\/\/www.area-arch.it\/en\/area-127-identity-of-the-landscape\/#primaryimage"},"thumbnailUrl":"https:\/\/static.tecnichenuove.it\/areaarch\/2015\/07\/COVER-AREA-127-1-2.jpg","datePublished":"2014-10-01T21:57:41+00:00","dateModified":"2015-10-09T16:59:21+00:00","author":{"@id":"https:\/\/www.area-arch.it\/en\/#\/schema\/person\/859d30cbc6451ba1e9eee38c16866a0e"},"description":"&nbsp; &nbsp; &nbsp; &nbsp; &nbsp; presentazione\/introduction Identity of the landscape: less aestethic more ethics text by Marco Casamonti","breadcrumb":{"@id":"https:\/\/www.area-arch.it\/en\/area-127-identity-of-the-landscape\/#breadcrumb"},"inLanguage":"en-US","potentialAction":[{"@type":"ReadAction","target":["https:\/\/www.area-arch.it\/en\/area-127-identity-of-the-landscape\/"]}]},{"@type":"ImageObject","inLanguage":"en-US","@id":"https:\/\/www.area-arch.it\/en\/area-127-identity-of-the-landscape\/#primaryimage","url":"https:\/\/static.tecnichenuove.it\/areaarch\/2015\/07\/COVER-AREA-127-1-2.jpg","contentUrl":"https:\/\/static.tecnichenuove.it\/areaarch\/2015\/07\/COVER-AREA-127-1-2.jpg","width":1000,"height":706},{"@type":"BreadcrumbList","@id":"https:\/\/www.area-arch.it\/en\/area-127-identity-of-the-landscape\/#breadcrumb","itemListElement":[{"@type":"ListItem","position":1,"name":"Home","item":"https:\/\/www.area-arch.it\/en\/"},{"@type":"ListItem","position":2,"name":"Archive","item":"https:\/\/www.area-arch.it\/en\/category\/archive\/"},{"@type":"ListItem","position":3,"name":"area 127 &#8211; identity of the landscape"}]},{"@type":"WebSite","@id":"https:\/\/www.area-arch.it\/en\/#website","url":"https:\/\/www.area-arch.it\/en\/","name":"Area","description":"rivista di architettura e arti del progetto","potentialAction":[{"@type":"SearchAction","target":{"@type":"EntryPoint","urlTemplate":"https:\/\/www.area-arch.it\/en\/?s={search_term_string}"},"query-input":{"@type":"PropertyValueSpecification","valueRequired":true,"valueName":"search_term_string"}}],"inLanguage":"en-US"},{"@type":"Person","@id":"https:\/\/www.area-arch.it\/en\/#\/schema\/person\/859d30cbc6451ba1e9eee38c16866a0e","name":"Ilaria Rondina","image":{"@type":"ImageObject","inLanguage":"en-US","@id":"https:\/\/secure.gravatar.com\/avatar\/06882c37cdcdeac21f7348c6bd79ef252559575de5fed49831ef23c3bc3614ac?s=96&d=mm&r=g","url":"https:\/\/secure.gravatar.com\/avatar\/06882c37cdcdeac21f7348c6bd79ef252559575de5fed49831ef23c3bc3614ac?s=96&d=mm&r=g","contentUrl":"https:\/\/secure.gravatar.com\/avatar\/06882c37cdcdeac21f7348c6bd79ef252559575de5fed49831ef23c3bc3614ac?s=96&d=mm&r=g","caption":"Ilaria Rondina"},"url":"https:\/\/www.area-arch.it\/en\/author\/irondina\/"}]}},"_links":{"self":[{"href":"https:\/\/www.area-arch.it\/en\/wp-json\/wp\/v2\/posts\/11749","targetHints":{"allow":["GET"]}}],"collection":[{"href":"https:\/\/www.area-arch.it\/en\/wp-json\/wp\/v2\/posts"}],"about":[{"href":"https:\/\/www.area-arch.it\/en\/wp-json\/wp\/v2\/types\/post"}],"author":[{"embeddable":true,"href":"https:\/\/www.area-arch.it\/en\/wp-json\/wp\/v2\/users\/2581"}],"replies":[{"embeddable":true,"href":"https:\/\/www.area-arch.it\/en\/wp-json\/wp\/v2\/comments?post=11749"}],"version-history":[{"count":4,"href":"https:\/\/www.area-arch.it\/en\/wp-json\/wp\/v2\/posts\/11749\/revisions"}],"predecessor-version":[{"id":16821,"href":"https:\/\/www.area-arch.it\/en\/wp-json\/wp\/v2\/posts\/11749\/revisions\/16821"}],"wp:featuredmedia":[{"embeddable":true,"href":"https:\/\/www.area-arch.it\/en\/wp-json\/wp\/v2\/media\/11746"}],"wp:attachment":[{"href":"https:\/\/www.area-arch.it\/en\/wp-json\/wp\/v2\/media?parent=11749"}],"wp:term":[{"taxonomy":"category","embeddable":true,"href":"https:\/\/www.area-arch.it\/en\/wp-json\/wp\/v2\/categories?post=11749"},{"taxonomy":"post_tag","embeddable":true,"href":"https:\/\/www.area-arch.it\/en\/wp-json\/wp\/v2\/tags?post=11749"}],"curies":[{"name":"wp","href":"https:\/\/api.w.org\/{rel}","templated":true}]}}