{"id":11208,"date":"2015-07-06T11:38:10","date_gmt":"2015-07-06T09:38:10","guid":{"rendered":"http:\/\/www.area-arch.it\/polo-didattico-allinterno-dellecole-polytechnique-delluniversita-paris-saclay-2\/"},"modified":"2016-08-30T11:09:33","modified_gmt":"2016-08-30T09:09:33","slug":"polo-didattico-allinterno-dellecole-polytechnique-delluniversita-paris-saclay","status":"publish","type":"post","link":"https:\/\/www.area-arch.it\/en\/polo-didattico-allinterno-dellecole-polytechnique-delluniversita-paris-saclay\/","title":{"rendered":"Learning Centre at \u00c9cole Polytechnique &#8211; Paris-Saclay University"},"content":{"rendered":"<p class=\"p1\"><span class=\"s1\">Nel piano di sviluppo del campus urbano di Parigi-Saclay \u00e8 stato inserito un nuovo edificio, sottoposto ad un concorso di progettazione ad inviti. Questo dovr\u00e0 contenere nuovi spazi per il programma di lezioni condivise su una superficie di 9.000 metri quadrati, sar\u00e0 costruito nella parte occidentale del distretto della \u00c9cole Polytechnique, Palaiseau.<br \/>\n<\/span><span class=\"s1\">L&#8217;edificio dovr\u00e0 soddisfare le esigenze di sei dipartimenti, dovr\u00e0 presentare una certa flessibilit\u00e0 e favorire l&#8217;interattivit\u00e0 tra studenti\u00a0<\/span><span style=\"line-height: 1.5\">e docenti con l&#8217;attuazione di una didattica innovativa\u00a0<\/span><\/p>\n<p class=\"p1\">A\u00a0new building has been\u00a0conceived in the development plan of the campus of Paris-Saclay\u00a0and it was the object of a\u00a0design competition by invitation. The building will include new spaces for the innovative program of shared lessons over an area of 9,000 square meters, it will be built in the western part of the district of the \u00c9cole Polytechnique, Palaiseau.<br \/>\nThe building will satisfy\u00a0the needs of six departments\u00a0and it will\u00a0provide some flexibility and encourage interactivity between students and teachers with the implementation of an innovative teaching.<\/p>\n<p class=\"p1\"><span class=\"s1\">typology: invitation design competition<br \/>\n<\/span><span class=\"s1\">prize organization: \u00c9cole Polytechnique Universit\u00e9 Paris-Saclay<br \/>\n<\/span><span class=\"s1\">submission: Semptember\u00a02014<br \/>\n<\/span><span class=\"s1\">selection of the finalists: 24th\u00a0October\u00a02014<br \/>\n<\/span><span class=\"s1\">results: 16th March\u00a02015<\/span><\/p>\n<p class=\"p1\"><span class=\"s1\">jury:<br \/>\n<\/span><span class=\"s1\">Yves Demay<br \/>\n<\/span><span class=\"s1\">Gilles Trystram<br \/>\n<\/span><span class=\"s1\">Philippe Jamet<br \/>\n<\/span><span class=\"s1\">Rappresentante del Municipio di Palaiseau<br \/>\n<\/span><span class=\"s1\">Pierre Veltz<br \/>\n<\/span><span class=\"s1\">Dominique Vernay<\/span><\/p>\n<p class=\"p1\"><span class=\"s1\">vincitore:\u00a0<span class=\"s1\"><a href=\"http:\/\/www.sou-fujimoto.net\/\" target=\"_blank\">Sou Fujimoto Architects<\/a> + <a href=\"http:\/\/www.oxoarch.com\/front\/\" target=\"_blank\">Manal Rachdi Oxo architectes<\/a> +\u00a0<\/span><span style=\"line-height: 1.5\"><a href=\"http:\/\/www.nlaparis.com\/\" target=\"_blank\">Nicolas Laisn\u00e9 Associ\u00e9s<\/a><\/span><\/span><\/p>\n<div id='gallery-1' class='gallery galleryid-11208 gallery-columns-4 gallery-size-thumbnail'><figure class='gallery-item'>\n\t\t\t<div class='gallery-icon landscape'>\n\t\t\t\t<a href='https:\/\/www.area-arch.it\/en\/polo-didattico-allinterno-dellecole-polytechnique-delluniversita-paris-saclay\/fujimoto-3\/'><img loading=\"lazy\" decoding=\"async\" width=\"150\" height=\"100\" src=\"https:\/\/static.tecnichenuove.it\/areaarch\/2015\/07\/fujimoto-3--150x100.jpg\" class=\"attachment-thumbnail size-thumbnail\" alt=\"\" \/><\/a>\n\t\t\t<\/div><\/figure><figure class='gallery-item'>\n\t\t\t<div class='gallery-icon landscape'>\n\t\t\t\t<a href='https:\/\/www.area-arch.it\/en\/polo-didattico-allinterno-dellecole-polytechnique-delluniversita-paris-saclay\/fujimoto-4\/'><img loading=\"lazy\" decoding=\"async\" width=\"150\" height=\"100\" src=\"https:\/\/static.tecnichenuove.it\/areaarch\/2015\/07\/fujimoto-4-150x100.jpg\" class=\"attachment-thumbnail size-thumbnail\" alt=\"\" \/><\/a>\n\t\t\t<\/div><\/figure><figure class='gallery-item'>\n\t\t\t<div class='gallery-icon portrait'>\n\t\t\t\t<a href='https:\/\/www.area-arch.it\/en\/polo-didattico-allinterno-dellecole-polytechnique-delluniversita-paris-saclay\/fujimoto-1\/'><img loading=\"lazy\" decoding=\"async\" width=\"150\" height=\"100\" src=\"https:\/\/static.tecnichenuove.it\/areaarch\/2015\/07\/fujimoto-1-150x100.jpg\" class=\"attachment-thumbnail size-thumbnail\" alt=\"\" \/><\/a>\n\t\t\t<\/div><\/figure><figure class='gallery-item'>\n\t\t\t<div class='gallery-icon portrait'>\n\t\t\t\t<a href='https:\/\/www.area-arch.it\/en\/polo-didattico-allinterno-dellecole-polytechnique-delluniversita-paris-saclay\/fujimoto-2\/'><img loading=\"lazy\" decoding=\"async\" width=\"150\" height=\"100\" src=\"https:\/\/static.tecnichenuove.it\/areaarch\/2015\/07\/fujimoto-2-150x100.jpg\" class=\"attachment-thumbnail size-thumbnail\" alt=\"\" \/><\/a>\n\t\t\t<\/div><\/figure>\n\t\t<\/div>\n\n<p class=\"p1\"><span class=\"s1\">finalist<\/span><span class=\"s2\">: Chartier Dalix Architectes<br \/>\n<\/span><span class=\"s2\"><span class=\"s1\">finalist<\/span><span class=\"s2\">: <\/span>Babin + Renaud<br \/>\n<\/span><span class=\"s2\"><span class=\"s1\">finalist<\/span><span class=\"s2\">: <\/span>Atelier 2\/3\/4<\/span><\/p>\n","protected":false},"excerpt":{"rendered":"<p>Sou Fujimoto wins the competition for the extension of the campus of \u00c9cole Polytechnique a Palaiseau.<\/p>\n","protected":false},"author":291,"featured_media":11205,"comment_status":"open","ping_status":"open","sticky":false,"template":"","format":"standard","meta":{"footnotes":""},"categories":[3117],"tags":[],"class_list":["post-11208","post","type-post","status-publish","format-standard","has-post-thumbnail","hentry","category-competitions"],"yoast_head":"<!-- This site is optimized with the Yoast SEO plugin v27.5 - https:\/\/yoast.com\/product\/yoast-seo-wordpress\/ -->\n<title>Learning Centre at \u00c9cole Polytechnique - Paris-Saclay University | Area<\/title>\n<meta name=\"description\" content=\"Sou Fujimoto wins the competition for the extension of the campus of \u00c9cole Polytechnique a Palaiseau.\" \/>\n<meta name=\"robots\" content=\"index, follow, max-snippet:-1, max-image-preview:large, max-video-preview:-1\" \/>\n<link rel=\"canonical\" href=\"https:\/\/www.area-arch.it\/en\/polo-didattico-allinterno-dellecole-polytechnique-delluniversita-paris-saclay\/\" \/>\n<meta property=\"og:locale\" content=\"en_US\" \/>\n<meta property=\"og:type\" content=\"article\" \/>\n<meta property=\"og:title\" content=\"Learning Centre at \u00c9cole Polytechnique - Paris-Saclay University | Area\" \/>\n<meta property=\"og:description\" content=\"Sou Fujimoto wins the competition for the extension of the campus of \u00c9cole Polytechnique a Palaiseau.\" \/>\n<meta property=\"og:url\" content=\"https:\/\/www.area-arch.it\/en\/polo-didattico-allinterno-dellecole-polytechnique-delluniversita-paris-saclay\/\" \/>\n<meta property=\"og:site_name\" content=\"Area\" \/>\n<meta property=\"article:publisher\" content=\"https:\/\/www.facebook.com\/Area.Arch\" \/>\n<meta property=\"article:published_time\" content=\"2015-07-06T09:38:10+00:00\" \/>\n<meta property=\"article:modified_time\" content=\"2016-08-30T09:09:33+00:00\" \/>\n<meta property=\"og:image\" content=\"https:\/\/static.tecnichenuove.it\/areaarch\/2015\/07\/fujimoto-3-.jpg\" \/>\n\t<meta property=\"og:image:width\" content=\"1200\" \/>\n\t<meta property=\"og:image:height\" content=\"1200\" \/>\n\t<meta property=\"og:image:type\" content=\"image\/jpeg\" \/>\n<meta name=\"author\" content=\"Elena Ronchi\" \/>\n<meta name=\"twitter:label1\" content=\"Written by\" \/>\n\t<meta name=\"twitter:data1\" content=\"Elena Ronchi\" \/>\n\t<meta name=\"twitter:label2\" content=\"Est. reading time\" \/>\n\t<meta name=\"twitter:data2\" content=\"1 minute\" \/>\n<script type=\"application\/ld+json\" class=\"yoast-schema-graph\">{\"@context\":\"https:\\\/\\\/schema.org\",\"@graph\":[{\"@type\":\"Article\",\"@id\":\"https:\\\/\\\/www.area-arch.it\\\/en\\\/polo-didattico-allinterno-dellecole-polytechnique-delluniversita-paris-saclay\\\/#article\",\"isPartOf\":{\"@id\":\"https:\\\/\\\/www.area-arch.it\\\/en\\\/polo-didattico-allinterno-dellecole-polytechnique-delluniversita-paris-saclay\\\/\"},\"author\":{\"name\":\"Elena Ronchi\",\"@id\":\"https:\\\/\\\/www.area-arch.it\\\/en\\\/#\\\/schema\\\/person\\\/c17684bebf1201ed3dc8e9cd5c67b73a\"},\"headline\":\"Learning Centre at \u00c9cole Polytechnique &#8211; Paris-Saclay University\",\"datePublished\":\"2015-07-06T09:38:10+00:00\",\"dateModified\":\"2016-08-30T09:09:33+00:00\",\"mainEntityOfPage\":{\"@id\":\"https:\\\/\\\/www.area-arch.it\\\/en\\\/polo-didattico-allinterno-dellecole-polytechnique-delluniversita-paris-saclay\\\/\"},\"wordCount\":235,\"commentCount\":0,\"image\":{\"@id\":\"https:\\\/\\\/www.area-arch.it\\\/en\\\/polo-didattico-allinterno-dellecole-polytechnique-delluniversita-paris-saclay\\\/#primaryimage\"},\"thumbnailUrl\":\"https:\\\/\\\/static.tecnichenuove.it\\\/areaarch\\\/2015\\\/07\\\/fujimoto-3-.jpg\",\"articleSection\":[\"Competitions\"],\"inLanguage\":\"en-US\",\"potentialAction\":[{\"@type\":\"CommentAction\",\"name\":\"Comment\",\"target\":[\"https:\\\/\\\/www.area-arch.it\\\/en\\\/polo-didattico-allinterno-dellecole-polytechnique-delluniversita-paris-saclay\\\/#respond\"]}]},{\"@type\":\"WebPage\",\"@id\":\"https:\\\/\\\/www.area-arch.it\\\/en\\\/polo-didattico-allinterno-dellecole-polytechnique-delluniversita-paris-saclay\\\/\",\"url\":\"https:\\\/\\\/www.area-arch.it\\\/en\\\/polo-didattico-allinterno-dellecole-polytechnique-delluniversita-paris-saclay\\\/\",\"name\":\"Learning Centre at \u00c9cole Polytechnique - Paris-Saclay University | Area\",\"isPartOf\":{\"@id\":\"https:\\\/\\\/www.area-arch.it\\\/en\\\/#website\"},\"primaryImageOfPage\":{\"@id\":\"https:\\\/\\\/www.area-arch.it\\\/en\\\/polo-didattico-allinterno-dellecole-polytechnique-delluniversita-paris-saclay\\\/#primaryimage\"},\"image\":{\"@id\":\"https:\\\/\\\/www.area-arch.it\\\/en\\\/polo-didattico-allinterno-dellecole-polytechnique-delluniversita-paris-saclay\\\/#primaryimage\"},\"thumbnailUrl\":\"https:\\\/\\\/static.tecnichenuove.it\\\/areaarch\\\/2015\\\/07\\\/fujimoto-3-.jpg\",\"datePublished\":\"2015-07-06T09:38:10+00:00\",\"dateModified\":\"2016-08-30T09:09:33+00:00\",\"author\":{\"@id\":\"https:\\\/\\\/www.area-arch.it\\\/en\\\/#\\\/schema\\\/person\\\/c17684bebf1201ed3dc8e9cd5c67b73a\"},\"description\":\"Sou Fujimoto wins the competition for the extension of the campus of \u00c9cole Polytechnique a Palaiseau.\",\"breadcrumb\":{\"@id\":\"https:\\\/\\\/www.area-arch.it\\\/en\\\/polo-didattico-allinterno-dellecole-polytechnique-delluniversita-paris-saclay\\\/#breadcrumb\"},\"inLanguage\":\"en-US\",\"potentialAction\":[{\"@type\":\"ReadAction\",\"target\":[\"https:\\\/\\\/www.area-arch.it\\\/en\\\/polo-didattico-allinterno-dellecole-polytechnique-delluniversita-paris-saclay\\\/\"]}]},{\"@type\":\"ImageObject\",\"inLanguage\":\"en-US\",\"@id\":\"https:\\\/\\\/www.area-arch.it\\\/en\\\/polo-didattico-allinterno-dellecole-polytechnique-delluniversita-paris-saclay\\\/#primaryimage\",\"url\":\"https:\\\/\\\/static.tecnichenuove.it\\\/areaarch\\\/2015\\\/07\\\/fujimoto-3-.jpg\",\"contentUrl\":\"https:\\\/\\\/static.tecnichenuove.it\\\/areaarch\\\/2015\\\/07\\\/fujimoto-3-.jpg\",\"width\":1200,\"height\":1200},{\"@type\":\"BreadcrumbList\",\"@id\":\"https:\\\/\\\/www.area-arch.it\\\/en\\\/polo-didattico-allinterno-dellecole-polytechnique-delluniversita-paris-saclay\\\/#breadcrumb\",\"itemListElement\":[{\"@type\":\"ListItem\",\"position\":1,\"name\":\"Home\",\"item\":\"https:\\\/\\\/www.area-arch.it\\\/en\\\/homepage-24\\\/\"},{\"@type\":\"ListItem\",\"position\":2,\"name\":\"Competitions\",\"item\":\"https:\\\/\\\/www.area-arch.it\\\/en\\\/category\\\/competitions\\\/\"},{\"@type\":\"ListItem\",\"position\":3,\"name\":\"Learning Centre at \u00c9cole Polytechnique &#8211; Paris-Saclay University\"}]},{\"@type\":\"WebSite\",\"@id\":\"https:\\\/\\\/www.area-arch.it\\\/en\\\/#website\",\"url\":\"https:\\\/\\\/www.area-arch.it\\\/en\\\/\",\"name\":\"Area\",\"description\":\"rivista di architettura e arti del progetto\",\"potentialAction\":[{\"@type\":\"SearchAction\",\"target\":{\"@type\":\"EntryPoint\",\"urlTemplate\":\"https:\\\/\\\/www.area-arch.it\\\/en\\\/?s={search_term_string}\"},\"query-input\":{\"@type\":\"PropertyValueSpecification\",\"valueRequired\":true,\"valueName\":\"search_term_string\"}}],\"inLanguage\":\"en-US\"},{\"@type\":\"Person\",\"@id\":\"https:\\\/\\\/www.area-arch.it\\\/en\\\/#\\\/schema\\\/person\\\/c17684bebf1201ed3dc8e9cd5c67b73a\",\"name\":\"Elena Ronchi\",\"image\":{\"@type\":\"ImageObject\",\"inLanguage\":\"en-US\",\"@id\":\"https:\\\/\\\/secure.gravatar.com\\\/avatar\\\/62aade9c12a4022340b68b0d465844635f14fbc1d4b29cb16e22aa39981b45ce?s=96&d=mm&r=g\",\"url\":\"https:\\\/\\\/secure.gravatar.com\\\/avatar\\\/62aade9c12a4022340b68b0d465844635f14fbc1d4b29cb16e22aa39981b45ce?s=96&d=mm&r=g\",\"contentUrl\":\"https:\\\/\\\/secure.gravatar.com\\\/avatar\\\/62aade9c12a4022340b68b0d465844635f14fbc1d4b29cb16e22aa39981b45ce?s=96&d=mm&r=g\",\"caption\":\"Elena Ronchi\"},\"url\":\"https:\\\/\\\/www.area-arch.it\\\/en\\\/author\\\/eronchi\\\/\"}]}<\/script>\n<!-- \/ Yoast SEO plugin. -->","yoast_head_json":{"title":"Learning Centre at \u00c9cole Polytechnique - Paris-Saclay University | Area","description":"Sou Fujimoto wins the competition for the extension of the campus of \u00c9cole Polytechnique a Palaiseau.","robots":{"index":"index","follow":"follow","max-snippet":"max-snippet:-1","max-image-preview":"max-image-preview:large","max-video-preview":"max-video-preview:-1"},"canonical":"https:\/\/www.area-arch.it\/en\/polo-didattico-allinterno-dellecole-polytechnique-delluniversita-paris-saclay\/","og_locale":"en_US","og_type":"article","og_title":"Learning Centre at \u00c9cole Polytechnique - Paris-Saclay University | Area","og_description":"Sou Fujimoto wins the competition for the extension of the campus of \u00c9cole Polytechnique a Palaiseau.","og_url":"https:\/\/www.area-arch.it\/en\/polo-didattico-allinterno-dellecole-polytechnique-delluniversita-paris-saclay\/","og_site_name":"Area","article_publisher":"https:\/\/www.facebook.com\/Area.Arch","article_published_time":"2015-07-06T09:38:10+00:00","article_modified_time":"2016-08-30T09:09:33+00:00","og_image":[{"width":1200,"height":1200,"url":"https:\/\/static.tecnichenuove.it\/areaarch\/2015\/07\/fujimoto-3-.jpg","type":"image\/jpeg"}],"author":"Elena Ronchi","twitter_misc":{"Written by":"Elena Ronchi","Est. reading time":"1 minute"},"schema":{"@context":"https:\/\/schema.org","@graph":[{"@type":"Article","@id":"https:\/\/www.area-arch.it\/en\/polo-didattico-allinterno-dellecole-polytechnique-delluniversita-paris-saclay\/#article","isPartOf":{"@id":"https:\/\/www.area-arch.it\/en\/polo-didattico-allinterno-dellecole-polytechnique-delluniversita-paris-saclay\/"},"author":{"name":"Elena Ronchi","@id":"https:\/\/www.area-arch.it\/en\/#\/schema\/person\/c17684bebf1201ed3dc8e9cd5c67b73a"},"headline":"Learning Centre at \u00c9cole Polytechnique &#8211; Paris-Saclay University","datePublished":"2015-07-06T09:38:10+00:00","dateModified":"2016-08-30T09:09:33+00:00","mainEntityOfPage":{"@id":"https:\/\/www.area-arch.it\/en\/polo-didattico-allinterno-dellecole-polytechnique-delluniversita-paris-saclay\/"},"wordCount":235,"commentCount":0,"image":{"@id":"https:\/\/www.area-arch.it\/en\/polo-didattico-allinterno-dellecole-polytechnique-delluniversita-paris-saclay\/#primaryimage"},"thumbnailUrl":"https:\/\/static.tecnichenuove.it\/areaarch\/2015\/07\/fujimoto-3-.jpg","articleSection":["Competitions"],"inLanguage":"en-US","potentialAction":[{"@type":"CommentAction","name":"Comment","target":["https:\/\/www.area-arch.it\/en\/polo-didattico-allinterno-dellecole-polytechnique-delluniversita-paris-saclay\/#respond"]}]},{"@type":"WebPage","@id":"https:\/\/www.area-arch.it\/en\/polo-didattico-allinterno-dellecole-polytechnique-delluniversita-paris-saclay\/","url":"https:\/\/www.area-arch.it\/en\/polo-didattico-allinterno-dellecole-polytechnique-delluniversita-paris-saclay\/","name":"Learning Centre at \u00c9cole Polytechnique - Paris-Saclay University | Area","isPartOf":{"@id":"https:\/\/www.area-arch.it\/en\/#website"},"primaryImageOfPage":{"@id":"https:\/\/www.area-arch.it\/en\/polo-didattico-allinterno-dellecole-polytechnique-delluniversita-paris-saclay\/#primaryimage"},"image":{"@id":"https:\/\/www.area-arch.it\/en\/polo-didattico-allinterno-dellecole-polytechnique-delluniversita-paris-saclay\/#primaryimage"},"thumbnailUrl":"https:\/\/static.tecnichenuove.it\/areaarch\/2015\/07\/fujimoto-3-.jpg","datePublished":"2015-07-06T09:38:10+00:00","dateModified":"2016-08-30T09:09:33+00:00","author":{"@id":"https:\/\/www.area-arch.it\/en\/#\/schema\/person\/c17684bebf1201ed3dc8e9cd5c67b73a"},"description":"Sou Fujimoto wins the competition for the extension of the campus of \u00c9cole Polytechnique a Palaiseau.","breadcrumb":{"@id":"https:\/\/www.area-arch.it\/en\/polo-didattico-allinterno-dellecole-polytechnique-delluniversita-paris-saclay\/#breadcrumb"},"inLanguage":"en-US","potentialAction":[{"@type":"ReadAction","target":["https:\/\/www.area-arch.it\/en\/polo-didattico-allinterno-dellecole-polytechnique-delluniversita-paris-saclay\/"]}]},{"@type":"ImageObject","inLanguage":"en-US","@id":"https:\/\/www.area-arch.it\/en\/polo-didattico-allinterno-dellecole-polytechnique-delluniversita-paris-saclay\/#primaryimage","url":"https:\/\/static.tecnichenuove.it\/areaarch\/2015\/07\/fujimoto-3-.jpg","contentUrl":"https:\/\/static.tecnichenuove.it\/areaarch\/2015\/07\/fujimoto-3-.jpg","width":1200,"height":1200},{"@type":"BreadcrumbList","@id":"https:\/\/www.area-arch.it\/en\/polo-didattico-allinterno-dellecole-polytechnique-delluniversita-paris-saclay\/#breadcrumb","itemListElement":[{"@type":"ListItem","position":1,"name":"Home","item":"https:\/\/www.area-arch.it\/en\/homepage-24\/"},{"@type":"ListItem","position":2,"name":"Competitions","item":"https:\/\/www.area-arch.it\/en\/category\/competitions\/"},{"@type":"ListItem","position":3,"name":"Learning Centre at \u00c9cole Polytechnique &#8211; Paris-Saclay University"}]},{"@type":"WebSite","@id":"https:\/\/www.area-arch.it\/en\/#website","url":"https:\/\/www.area-arch.it\/en\/","name":"Area","description":"rivista di architettura e arti del progetto","potentialAction":[{"@type":"SearchAction","target":{"@type":"EntryPoint","urlTemplate":"https:\/\/www.area-arch.it\/en\/?s={search_term_string}"},"query-input":{"@type":"PropertyValueSpecification","valueRequired":true,"valueName":"search_term_string"}}],"inLanguage":"en-US"},{"@type":"Person","@id":"https:\/\/www.area-arch.it\/en\/#\/schema\/person\/c17684bebf1201ed3dc8e9cd5c67b73a","name":"Elena Ronchi","image":{"@type":"ImageObject","inLanguage":"en-US","@id":"https:\/\/secure.gravatar.com\/avatar\/62aade9c12a4022340b68b0d465844635f14fbc1d4b29cb16e22aa39981b45ce?s=96&d=mm&r=g","url":"https:\/\/secure.gravatar.com\/avatar\/62aade9c12a4022340b68b0d465844635f14fbc1d4b29cb16e22aa39981b45ce?s=96&d=mm&r=g","contentUrl":"https:\/\/secure.gravatar.com\/avatar\/62aade9c12a4022340b68b0d465844635f14fbc1d4b29cb16e22aa39981b45ce?s=96&d=mm&r=g","caption":"Elena Ronchi"},"url":"https:\/\/www.area-arch.it\/en\/author\/eronchi\/"}]}},"_links":{"self":[{"href":"https:\/\/www.area-arch.it\/en\/wp-json\/wp\/v2\/posts\/11208","targetHints":{"allow":["GET"]}}],"collection":[{"href":"https:\/\/www.area-arch.it\/en\/wp-json\/wp\/v2\/posts"}],"about":[{"href":"https:\/\/www.area-arch.it\/en\/wp-json\/wp\/v2\/types\/post"}],"author":[{"embeddable":true,"href":"https:\/\/www.area-arch.it\/en\/wp-json\/wp\/v2\/users\/291"}],"replies":[{"embeddable":true,"href":"https:\/\/www.area-arch.it\/en\/wp-json\/wp\/v2\/comments?post=11208"}],"version-history":[{"count":4,"href":"https:\/\/www.area-arch.it\/en\/wp-json\/wp\/v2\/posts\/11208\/revisions"}],"predecessor-version":[{"id":11338,"href":"https:\/\/www.area-arch.it\/en\/wp-json\/wp\/v2\/posts\/11208\/revisions\/11338"}],"wp:featuredmedia":[{"embeddable":true,"href":"https:\/\/www.area-arch.it\/en\/wp-json\/wp\/v2\/media\/11205"}],"wp:attachment":[{"href":"https:\/\/www.area-arch.it\/en\/wp-json\/wp\/v2\/media?parent=11208"}],"wp:term":[{"taxonomy":"category","embeddable":true,"href":"https:\/\/www.area-arch.it\/en\/wp-json\/wp\/v2\/categories?post=11208"},{"taxonomy":"post_tag","embeddable":true,"href":"https:\/\/www.area-arch.it\/en\/wp-json\/wp\/v2\/tags?post=11208"}],"curies":[{"name":"wp","href":"https:\/\/api.w.org\/{rel}","templated":true}]}}