{"id":1017,"date":"2014-12-02T18:45:11","date_gmt":"2014-12-02T17:45:11","guid":{"rendered":"http:\/\/www.area-arch.it\/?p=1017"},"modified":"2016-10-27T12:31:56","modified_gmt":"2016-10-27T10:31:56","slug":"between-expressiveness-and-nature-a-new-modenrity-for-the-work-of-alvar-aalto","status":"publish","type":"post","link":"https:\/\/www.area-arch.it\/en\/between-expressiveness-and-nature-a-new-modenrity-for-the-work-of-alvar-aalto\/","title":{"rendered":"Between expressiveness and nature. A new modenrity for the work of Alvar Aalto"},"content":{"rendered":"<p class=\"p1\">In collaboration with the Alvar Aalto Museum, the Vitra Design Museum dedicates an important critical and retrospective exhibition to\u00a0the Finnish architect. With the aim to produce and promote his furniture designs, in 1935,Aalto Artek was founded. It was a furniture company and at the same time a gallery. Thanks to the attention that Aalto devoted to the details of its architecture, Artek soon became a prestigious address for the modernist avant-garde culture.<br \/>\nThe exhibition provides an overview of \u00a0life and work of Aalto, including architectural models, drawings, furniture, lights and glass, and it\u00a0brings together works by other artists.<br \/>\nCombining drawings of known buildings with lesser known projects, the exhibition explores the intense activity of the architect from 1920 to 1970, providing a reading of the organic architectural language of Aalto through a close dialogue with other artists of his time, such as L\u00e1szl\u00f3 Moholy Nagy, Jean Arp, Alexander Calder or Fernand L\u00e9ger.<br \/>\nThe works of other artists alongside Aalto&#8217;s drawings and projects illustrate the importance of a prominent figure in the art and architecture of the international avant-garde from 1920 onwards.<\/p>\n<p class=\"p1\"><strong>Alvar Aalto. Second Nature.<\/strong><br \/>\n<strong>Weil am Rhein,\u00a0Vitra Design Museum<\/strong><br \/>\n<strong>September 27,\u00a02014 &#8211; March 1,\u00a02015<\/strong><\/p>\n","protected":false},"excerpt":{"rendered":"<p>In collaboration with the Alvar Aalto Museum, the Vitra Design Museum dedicates an important critical and retrospective exhibition to the Finnish architect.<\/p>\n","protected":false},"author":291,"featured_media":1016,"comment_status":"open","ping_status":"open","sticky":false,"template":"","format":"standard","meta":{"footnotes":""},"categories":[4104],"tags":[],"class_list":["post-1017","post","type-post","status-publish","format-standard","has-post-thumbnail","hentry","category-events-exhibitions"],"yoast_head":"<!-- This site is optimized with the Yoast SEO plugin v27.5 - https:\/\/yoast.com\/product\/yoast-seo-wordpress\/ -->\n<title>Between expressiveness and nature. A new modenrity for the work of Alvar Aalto | Area<\/title>\n<meta name=\"description\" content=\"In collaboration with the Alvar Aalto Museum, the Vitra Design Museum dedicates an important critical and retrospective exhibition to the Finnish architect.\" \/>\n<meta name=\"robots\" content=\"index, follow, max-snippet:-1, max-image-preview:large, max-video-preview:-1\" \/>\n<link rel=\"canonical\" href=\"https:\/\/www.area-arch.it\/en\/between-expressiveness-and-nature-a-new-modenrity-for-the-work-of-alvar-aalto\/\" \/>\n<meta property=\"og:locale\" content=\"en_US\" \/>\n<meta property=\"og:type\" content=\"article\" \/>\n<meta property=\"og:title\" content=\"Between expressiveness and nature. A new modenrity for the work of Alvar Aalto | Area\" \/>\n<meta property=\"og:description\" content=\"In collaboration with the Alvar Aalto Museum, the Vitra Design Museum dedicates an important critical and retrospective exhibition to the Finnish architect.\" \/>\n<meta property=\"og:url\" content=\"https:\/\/www.area-arch.it\/en\/between-expressiveness-and-nature-a-new-modenrity-for-the-work-of-alvar-aalto\/\" \/>\n<meta property=\"og:site_name\" content=\"Area\" \/>\n<meta property=\"article:publisher\" content=\"https:\/\/www.facebook.com\/Area.Arch\" \/>\n<meta property=\"article:published_time\" content=\"2014-12-02T17:45:11+00:00\" \/>\n<meta property=\"article:modified_time\" content=\"2016-10-27T10:31:56+00:00\" \/>\n<meta property=\"og:image\" content=\"https:\/\/static.tecnichenuove.it\/areaarch\/2014\/11\/Alvar-Aalto.jpg\" \/>\n\t<meta property=\"og:image:width\" content=\"781\" \/>\n\t<meta property=\"og:image:height\" content=\"629\" \/>\n\t<meta property=\"og:image:type\" content=\"image\/jpeg\" \/>\n<meta name=\"author\" content=\"Elena Ronchi\" \/>\n<meta name=\"twitter:label1\" content=\"Written by\" \/>\n\t<meta name=\"twitter:data1\" content=\"Elena Ronchi\" \/>\n\t<meta name=\"twitter:label2\" content=\"Est. reading time\" \/>\n\t<meta name=\"twitter:data2\" content=\"1 minute\" \/>\n<script type=\"application\/ld+json\" class=\"yoast-schema-graph\">{\"@context\":\"https:\\\/\\\/schema.org\",\"@graph\":[{\"@type\":\"Article\",\"@id\":\"https:\\\/\\\/www.area-arch.it\\\/en\\\/between-expressiveness-and-nature-a-new-modenrity-for-the-work-of-alvar-aalto\\\/#article\",\"isPartOf\":{\"@id\":\"https:\\\/\\\/www.area-arch.it\\\/en\\\/between-expressiveness-and-nature-a-new-modenrity-for-the-work-of-alvar-aalto\\\/\"},\"author\":{\"name\":\"Elena Ronchi\",\"@id\":\"https:\\\/\\\/www.area-arch.it\\\/en\\\/#\\\/schema\\\/person\\\/c17684bebf1201ed3dc8e9cd5c67b73a\"},\"headline\":\"Between expressiveness and nature. A new modenrity for the work of Alvar Aalto\",\"datePublished\":\"2014-12-02T17:45:11+00:00\",\"dateModified\":\"2016-10-27T10:31:56+00:00\",\"mainEntityOfPage\":{\"@id\":\"https:\\\/\\\/www.area-arch.it\\\/en\\\/between-expressiveness-and-nature-a-new-modenrity-for-the-work-of-alvar-aalto\\\/\"},\"wordCount\":208,\"commentCount\":0,\"image\":{\"@id\":\"https:\\\/\\\/www.area-arch.it\\\/en\\\/between-expressiveness-and-nature-a-new-modenrity-for-the-work-of-alvar-aalto\\\/#primaryimage\"},\"thumbnailUrl\":\"https:\\\/\\\/static.tecnichenuove.it\\\/areaarch\\\/2014\\\/11\\\/Alvar-Aalto.jpg\",\"articleSection\":[\"Events &amp; Exhibitions\"],\"inLanguage\":\"en-US\",\"potentialAction\":[{\"@type\":\"CommentAction\",\"name\":\"Comment\",\"target\":[\"https:\\\/\\\/www.area-arch.it\\\/en\\\/between-expressiveness-and-nature-a-new-modenrity-for-the-work-of-alvar-aalto\\\/#respond\"]}]},{\"@type\":\"WebPage\",\"@id\":\"https:\\\/\\\/www.area-arch.it\\\/en\\\/between-expressiveness-and-nature-a-new-modenrity-for-the-work-of-alvar-aalto\\\/\",\"url\":\"https:\\\/\\\/www.area-arch.it\\\/en\\\/between-expressiveness-and-nature-a-new-modenrity-for-the-work-of-alvar-aalto\\\/\",\"name\":\"Between expressiveness and nature. A new modenrity for the work of Alvar Aalto | Area\",\"isPartOf\":{\"@id\":\"https:\\\/\\\/www.area-arch.it\\\/en\\\/#website\"},\"primaryImageOfPage\":{\"@id\":\"https:\\\/\\\/www.area-arch.it\\\/en\\\/between-expressiveness-and-nature-a-new-modenrity-for-the-work-of-alvar-aalto\\\/#primaryimage\"},\"image\":{\"@id\":\"https:\\\/\\\/www.area-arch.it\\\/en\\\/between-expressiveness-and-nature-a-new-modenrity-for-the-work-of-alvar-aalto\\\/#primaryimage\"},\"thumbnailUrl\":\"https:\\\/\\\/static.tecnichenuove.it\\\/areaarch\\\/2014\\\/11\\\/Alvar-Aalto.jpg\",\"datePublished\":\"2014-12-02T17:45:11+00:00\",\"dateModified\":\"2016-10-27T10:31:56+00:00\",\"author\":{\"@id\":\"https:\\\/\\\/www.area-arch.it\\\/en\\\/#\\\/schema\\\/person\\\/c17684bebf1201ed3dc8e9cd5c67b73a\"},\"description\":\"In collaboration with the Alvar Aalto Museum, the Vitra Design Museum dedicates an important critical and retrospective exhibition to the Finnish architect.\",\"breadcrumb\":{\"@id\":\"https:\\\/\\\/www.area-arch.it\\\/en\\\/between-expressiveness-and-nature-a-new-modenrity-for-the-work-of-alvar-aalto\\\/#breadcrumb\"},\"inLanguage\":\"en-US\",\"potentialAction\":[{\"@type\":\"ReadAction\",\"target\":[\"https:\\\/\\\/www.area-arch.it\\\/en\\\/between-expressiveness-and-nature-a-new-modenrity-for-the-work-of-alvar-aalto\\\/\"]}]},{\"@type\":\"ImageObject\",\"inLanguage\":\"en-US\",\"@id\":\"https:\\\/\\\/www.area-arch.it\\\/en\\\/between-expressiveness-and-nature-a-new-modenrity-for-the-work-of-alvar-aalto\\\/#primaryimage\",\"url\":\"https:\\\/\\\/static.tecnichenuove.it\\\/areaarch\\\/2014\\\/11\\\/Alvar-Aalto.jpg\",\"contentUrl\":\"https:\\\/\\\/static.tecnichenuove.it\\\/areaarch\\\/2014\\\/11\\\/Alvar-Aalto.jpg\",\"width\":781,\"height\":629},{\"@type\":\"BreadcrumbList\",\"@id\":\"https:\\\/\\\/www.area-arch.it\\\/en\\\/between-expressiveness-and-nature-a-new-modenrity-for-the-work-of-alvar-aalto\\\/#breadcrumb\",\"itemListElement\":[{\"@type\":\"ListItem\",\"position\":1,\"name\":\"Home\",\"item\":\"https:\\\/\\\/www.area-arch.it\\\/en\\\/homepage-24\\\/\"},{\"@type\":\"ListItem\",\"position\":2,\"name\":\"Events &amp; Exhibitions\",\"item\":\"https:\\\/\\\/www.area-arch.it\\\/en\\\/category\\\/events-exhibitions\\\/\"},{\"@type\":\"ListItem\",\"position\":3,\"name\":\"Between expressiveness and nature. A new modenrity for the work of Alvar Aalto\"}]},{\"@type\":\"WebSite\",\"@id\":\"https:\\\/\\\/www.area-arch.it\\\/en\\\/#website\",\"url\":\"https:\\\/\\\/www.area-arch.it\\\/en\\\/\",\"name\":\"Area\",\"description\":\"rivista di architettura e arti del progetto\",\"potentialAction\":[{\"@type\":\"SearchAction\",\"target\":{\"@type\":\"EntryPoint\",\"urlTemplate\":\"https:\\\/\\\/www.area-arch.it\\\/en\\\/?s={search_term_string}\"},\"query-input\":{\"@type\":\"PropertyValueSpecification\",\"valueRequired\":true,\"valueName\":\"search_term_string\"}}],\"inLanguage\":\"en-US\"},{\"@type\":\"Person\",\"@id\":\"https:\\\/\\\/www.area-arch.it\\\/en\\\/#\\\/schema\\\/person\\\/c17684bebf1201ed3dc8e9cd5c67b73a\",\"name\":\"Elena Ronchi\",\"image\":{\"@type\":\"ImageObject\",\"inLanguage\":\"en-US\",\"@id\":\"https:\\\/\\\/secure.gravatar.com\\\/avatar\\\/62aade9c12a4022340b68b0d465844635f14fbc1d4b29cb16e22aa39981b45ce?s=96&d=mm&r=g\",\"url\":\"https:\\\/\\\/secure.gravatar.com\\\/avatar\\\/62aade9c12a4022340b68b0d465844635f14fbc1d4b29cb16e22aa39981b45ce?s=96&d=mm&r=g\",\"contentUrl\":\"https:\\\/\\\/secure.gravatar.com\\\/avatar\\\/62aade9c12a4022340b68b0d465844635f14fbc1d4b29cb16e22aa39981b45ce?s=96&d=mm&r=g\",\"caption\":\"Elena Ronchi\"},\"url\":\"https:\\\/\\\/www.area-arch.it\\\/en\\\/author\\\/eronchi\\\/\"}]}<\/script>\n<!-- \/ Yoast SEO plugin. -->","yoast_head_json":{"title":"Between expressiveness and nature. A new modenrity for the work of Alvar Aalto | Area","description":"In collaboration with the Alvar Aalto Museum, the Vitra Design Museum dedicates an important critical and retrospective exhibition to the Finnish architect.","robots":{"index":"index","follow":"follow","max-snippet":"max-snippet:-1","max-image-preview":"max-image-preview:large","max-video-preview":"max-video-preview:-1"},"canonical":"https:\/\/www.area-arch.it\/en\/between-expressiveness-and-nature-a-new-modenrity-for-the-work-of-alvar-aalto\/","og_locale":"en_US","og_type":"article","og_title":"Between expressiveness and nature. A new modenrity for the work of Alvar Aalto | Area","og_description":"In collaboration with the Alvar Aalto Museum, the Vitra Design Museum dedicates an important critical and retrospective exhibition to the Finnish architect.","og_url":"https:\/\/www.area-arch.it\/en\/between-expressiveness-and-nature-a-new-modenrity-for-the-work-of-alvar-aalto\/","og_site_name":"Area","article_publisher":"https:\/\/www.facebook.com\/Area.Arch","article_published_time":"2014-12-02T17:45:11+00:00","article_modified_time":"2016-10-27T10:31:56+00:00","og_image":[{"width":781,"height":629,"url":"https:\/\/static.tecnichenuove.it\/areaarch\/2014\/11\/Alvar-Aalto.jpg","type":"image\/jpeg"}],"author":"Elena Ronchi","twitter_misc":{"Written by":"Elena Ronchi","Est. reading time":"1 minute"},"schema":{"@context":"https:\/\/schema.org","@graph":[{"@type":"Article","@id":"https:\/\/www.area-arch.it\/en\/between-expressiveness-and-nature-a-new-modenrity-for-the-work-of-alvar-aalto\/#article","isPartOf":{"@id":"https:\/\/www.area-arch.it\/en\/between-expressiveness-and-nature-a-new-modenrity-for-the-work-of-alvar-aalto\/"},"author":{"name":"Elena Ronchi","@id":"https:\/\/www.area-arch.it\/en\/#\/schema\/person\/c17684bebf1201ed3dc8e9cd5c67b73a"},"headline":"Between expressiveness and nature. A new modenrity for the work of Alvar Aalto","datePublished":"2014-12-02T17:45:11+00:00","dateModified":"2016-10-27T10:31:56+00:00","mainEntityOfPage":{"@id":"https:\/\/www.area-arch.it\/en\/between-expressiveness-and-nature-a-new-modenrity-for-the-work-of-alvar-aalto\/"},"wordCount":208,"commentCount":0,"image":{"@id":"https:\/\/www.area-arch.it\/en\/between-expressiveness-and-nature-a-new-modenrity-for-the-work-of-alvar-aalto\/#primaryimage"},"thumbnailUrl":"https:\/\/static.tecnichenuove.it\/areaarch\/2014\/11\/Alvar-Aalto.jpg","articleSection":["Events &amp; Exhibitions"],"inLanguage":"en-US","potentialAction":[{"@type":"CommentAction","name":"Comment","target":["https:\/\/www.area-arch.it\/en\/between-expressiveness-and-nature-a-new-modenrity-for-the-work-of-alvar-aalto\/#respond"]}]},{"@type":"WebPage","@id":"https:\/\/www.area-arch.it\/en\/between-expressiveness-and-nature-a-new-modenrity-for-the-work-of-alvar-aalto\/","url":"https:\/\/www.area-arch.it\/en\/between-expressiveness-and-nature-a-new-modenrity-for-the-work-of-alvar-aalto\/","name":"Between expressiveness and nature. A new modenrity for the work of Alvar Aalto | Area","isPartOf":{"@id":"https:\/\/www.area-arch.it\/en\/#website"},"primaryImageOfPage":{"@id":"https:\/\/www.area-arch.it\/en\/between-expressiveness-and-nature-a-new-modenrity-for-the-work-of-alvar-aalto\/#primaryimage"},"image":{"@id":"https:\/\/www.area-arch.it\/en\/between-expressiveness-and-nature-a-new-modenrity-for-the-work-of-alvar-aalto\/#primaryimage"},"thumbnailUrl":"https:\/\/static.tecnichenuove.it\/areaarch\/2014\/11\/Alvar-Aalto.jpg","datePublished":"2014-12-02T17:45:11+00:00","dateModified":"2016-10-27T10:31:56+00:00","author":{"@id":"https:\/\/www.area-arch.it\/en\/#\/schema\/person\/c17684bebf1201ed3dc8e9cd5c67b73a"},"description":"In collaboration with the Alvar Aalto Museum, the Vitra Design Museum dedicates an important critical and retrospective exhibition to the Finnish architect.","breadcrumb":{"@id":"https:\/\/www.area-arch.it\/en\/between-expressiveness-and-nature-a-new-modenrity-for-the-work-of-alvar-aalto\/#breadcrumb"},"inLanguage":"en-US","potentialAction":[{"@type":"ReadAction","target":["https:\/\/www.area-arch.it\/en\/between-expressiveness-and-nature-a-new-modenrity-for-the-work-of-alvar-aalto\/"]}]},{"@type":"ImageObject","inLanguage":"en-US","@id":"https:\/\/www.area-arch.it\/en\/between-expressiveness-and-nature-a-new-modenrity-for-the-work-of-alvar-aalto\/#primaryimage","url":"https:\/\/static.tecnichenuove.it\/areaarch\/2014\/11\/Alvar-Aalto.jpg","contentUrl":"https:\/\/static.tecnichenuove.it\/areaarch\/2014\/11\/Alvar-Aalto.jpg","width":781,"height":629},{"@type":"BreadcrumbList","@id":"https:\/\/www.area-arch.it\/en\/between-expressiveness-and-nature-a-new-modenrity-for-the-work-of-alvar-aalto\/#breadcrumb","itemListElement":[{"@type":"ListItem","position":1,"name":"Home","item":"https:\/\/www.area-arch.it\/en\/homepage-24\/"},{"@type":"ListItem","position":2,"name":"Events &amp; Exhibitions","item":"https:\/\/www.area-arch.it\/en\/category\/events-exhibitions\/"},{"@type":"ListItem","position":3,"name":"Between expressiveness and nature. A new modenrity for the work of Alvar Aalto"}]},{"@type":"WebSite","@id":"https:\/\/www.area-arch.it\/en\/#website","url":"https:\/\/www.area-arch.it\/en\/","name":"Area","description":"rivista di architettura e arti del progetto","potentialAction":[{"@type":"SearchAction","target":{"@type":"EntryPoint","urlTemplate":"https:\/\/www.area-arch.it\/en\/?s={search_term_string}"},"query-input":{"@type":"PropertyValueSpecification","valueRequired":true,"valueName":"search_term_string"}}],"inLanguage":"en-US"},{"@type":"Person","@id":"https:\/\/www.area-arch.it\/en\/#\/schema\/person\/c17684bebf1201ed3dc8e9cd5c67b73a","name":"Elena Ronchi","image":{"@type":"ImageObject","inLanguage":"en-US","@id":"https:\/\/secure.gravatar.com\/avatar\/62aade9c12a4022340b68b0d465844635f14fbc1d4b29cb16e22aa39981b45ce?s=96&d=mm&r=g","url":"https:\/\/secure.gravatar.com\/avatar\/62aade9c12a4022340b68b0d465844635f14fbc1d4b29cb16e22aa39981b45ce?s=96&d=mm&r=g","contentUrl":"https:\/\/secure.gravatar.com\/avatar\/62aade9c12a4022340b68b0d465844635f14fbc1d4b29cb16e22aa39981b45ce?s=96&d=mm&r=g","caption":"Elena Ronchi"},"url":"https:\/\/www.area-arch.it\/en\/author\/eronchi\/"}]}},"_links":{"self":[{"href":"https:\/\/www.area-arch.it\/en\/wp-json\/wp\/v2\/posts\/1017","targetHints":{"allow":["GET"]}}],"collection":[{"href":"https:\/\/www.area-arch.it\/en\/wp-json\/wp\/v2\/posts"}],"about":[{"href":"https:\/\/www.area-arch.it\/en\/wp-json\/wp\/v2\/types\/post"}],"author":[{"embeddable":true,"href":"https:\/\/www.area-arch.it\/en\/wp-json\/wp\/v2\/users\/291"}],"replies":[{"embeddable":true,"href":"https:\/\/www.area-arch.it\/en\/wp-json\/wp\/v2\/comments?post=1017"}],"version-history":[{"count":1,"href":"https:\/\/www.area-arch.it\/en\/wp-json\/wp\/v2\/posts\/1017\/revisions"}],"predecessor-version":[{"id":33847,"href":"https:\/\/www.area-arch.it\/en\/wp-json\/wp\/v2\/posts\/1017\/revisions\/33847"}],"wp:featuredmedia":[{"embeddable":true,"href":"https:\/\/www.area-arch.it\/en\/wp-json\/wp\/v2\/media\/1016"}],"wp:attachment":[{"href":"https:\/\/www.area-arch.it\/en\/wp-json\/wp\/v2\/media?parent=1017"}],"wp:term":[{"taxonomy":"category","embeddable":true,"href":"https:\/\/www.area-arch.it\/en\/wp-json\/wp\/v2\/categories?post=1017"},{"taxonomy":"post_tag","embeddable":true,"href":"https:\/\/www.area-arch.it\/en\/wp-json\/wp\/v2\/tags?post=1017"}],"curies":[{"name":"wp","href":"https:\/\/api.w.org\/{rel}","templated":true}]}}